{"id":3065,"date":"2021-05-31T14:31:00","date_gmt":"2021-05-31T18:31:00","guid":{"rendered":"https:\/\/caefs.ca\/statement-on-the-discovery-of-215-children-at-a-kamloops-residential-school\/"},"modified":"2022-04-24T18:04:09","modified_gmt":"2022-04-24T22:04:09","slug":"statement-on-the-discovery-of-215-children-at-a-kamloops-residential-school","status":"publish","type":"post","link":"https:\/\/caefs.ca\/fr\/statement-on-the-discovery-of-215-children-at-a-kamloops-residential-school\/","title":{"rendered":"D\u00e9claration sur la d\u00e9couverte des 215 tombes d\u2019enfants dans un pensionnat de Kamloops"},"content":{"rendered":"\n<p>L\u2019Association canadienne des Soci\u00e9t\u00e9s Elizabeth Fry exprime toute sa solidarit\u00e9 et son immense peine aux familles et aux communaut\u00e9s des 215\u00a0enfants retrouv\u00e9s sur le site du pensionnat de Kamloops. Nous pleurons leur mort et le vide laiss\u00e9 par leur d\u00e9part dans leurs communaut\u00e9s et leurs familles, auxquelles ils auraient pu tant apporter s\u2019ils n\u2019avaient pas \u00e9t\u00e9 tu\u00e9s.\u00a0<\/p>\n\n\n\n<div style=\"height:49px\" aria-hidden=\"true\" class=\"wp-block-spacer\"><\/div>\n\n\n\n<div class=\"wp-block-buttons is-content-justification-left is-layout-flex wp-block-buttons-is-layout-flex\">\n<div class=\"wp-block-button\"><a class=\"wp-block-button__link\" href=\"https:\/\/caefs.ca\/wp-content\/uploads\/2021\/10\/2021-05-31-IP-PS-The-Canadian-Association-of-Elizabeth-Fry-Societys-Statement-on-the-discovery-of-215-children-at-a-Kamloops-Residential-School.pdf\" target=\"_blank\" rel=\"noreferrer noopener\">Cliquez ici pour lire la d\u00e9claration (anglais seulement)<\/a><\/div>\n<\/div>\n\n\n\n<div style=\"height:100px\" aria-hidden=\"true\" class=\"wp-block-spacer\"><\/div>\n","protected":false},"excerpt":{"rendered":"<p>L\u2019Association canadienne des Soci\u00e9t\u00e9s Elizabeth Fry exprime toute sa solidarit\u00e9 et son immense peine aux familles et aux communaut\u00e9s des 215\u00a0enfants retrouv\u00e9s sur le site du pensionnat de Kamloops. Nous [&hellip;]<\/p>\n","protected":false},"author":2,"featured_media":1347,"comment_status":"closed","ping_status":"closed","sticky":false,"template":"","format":"standard","meta":{"_acf_changed":false,"om_disable_all_campaigns":false,"_monsterinsights_skip_tracking":false,"_monsterinsights_sitenote_active":false,"_monsterinsights_sitenote_note":"","_monsterinsights_sitenote_category":0,"footnotes":""},"category":[1],"tags":[],"class_list":["post-3065","post","type-post","status-publish","format-standard","has-post-thumbnail","hentry","category-caefs-recommendations"],"acf":[],"aioseo_notices":[],"yoast_head":"<!-- This site is optimized with the Yoast SEO plugin v27.4 - https:\/\/yoast.com\/product\/yoast-seo-wordpress\/ -->\n<title>D\u00e9claration sur la d\u00e9couverte des 215 tombes d\u2019enfants dans un pensionnat de Kamloops - ACSEF<\/title>\n<meta name=\"robots\" content=\"index, follow, max-snippet:-1, max-image-preview:large, max-video-preview:-1\" \/>\n<link rel=\"canonical\" href=\"https:\/\/caefs.ca\/fr\/statement-on-the-discovery-of-215-children-at-a-kamloops-residential-school\/\" \/>\n<meta property=\"og:locale\" content=\"fr_FR\" \/>\n<meta property=\"og:type\" content=\"article\" \/>\n<meta property=\"og:title\" content=\"D\u00e9claration sur la d\u00e9couverte des 215 tombes d\u2019enfants dans un pensionnat de Kamloops - ACSEF\" \/>\n<meta property=\"og:description\" content=\"L\u2019Association canadienne des Soci\u00e9t\u00e9s Elizabeth Fry exprime toute sa solidarit\u00e9 et son immense peine aux familles et aux communaut\u00e9s des 215\u00a0enfants retrouv\u00e9s sur le site du pensionnat de Kamloops. Nous [&hellip;]\" \/>\n<meta property=\"og:url\" content=\"https:\/\/caefs.ca\/fr\/statement-on-the-discovery-of-215-children-at-a-kamloops-residential-school\/\" \/>\n<meta property=\"og:site_name\" content=\"ACSEF\" \/>\n<meta property=\"article:published_time\" content=\"2021-05-31T18:31:00+00:00\" \/>\n<meta property=\"article:modified_time\" content=\"2022-04-24T22:04:09+00:00\" \/>\n<meta property=\"og:image\" content=\"https:\/\/caefs.ca\/wp-content\/uploads\/2021\/05\/Statement-on-Kamloops-Residential-School.png\" \/>\n\t<meta property=\"og:image:width\" content=\"1080\" \/>\n\t<meta property=\"og:image:height\" content=\"1080\" \/>\n\t<meta property=\"og:image:type\" content=\"image\/png\" \/>\n<meta name=\"author\" content=\"fredriz\" \/>\n<meta name=\"twitter:card\" content=\"summary_large_image\" \/>\n<meta name=\"twitter:label1\" content=\"\u00c9crit par\" \/>\n\t<meta name=\"twitter:data1\" content=\"fredriz\" \/>\n\t<meta name=\"twitter:label2\" content=\"Dur\u00e9e de lecture estim\u00e9e\" \/>\n\t<meta name=\"twitter:data2\" content=\"1 minute\" \/>\n<script type=\"application\/ld+json\" class=\"yoast-schema-graph\">{\"@context\":\"https:\\\/\\\/schema.org\",\"@graph\":[{\"@type\":\"Article\",\"@id\":\"https:\\\/\\\/caefs.ca\\\/fr\\\/statement-on-the-discovery-of-215-children-at-a-kamloops-residential-school\\\/#article\",\"isPartOf\":{\"@id\":\"https:\\\/\\\/caefs.ca\\\/fr\\\/statement-on-the-discovery-of-215-children-at-a-kamloops-residential-school\\\/\"},\"author\":{\"name\":\"fredriz\",\"@id\":\"https:\\\/\\\/caefs.ca\\\/fr\\\/#\\\/schema\\\/person\\\/3e690f12d306f8b2f56129f10230ab1f\"},\"headline\":\"D\u00e9claration sur la d\u00e9couverte des 215 tombes d\u2019enfants dans un pensionnat de Kamloops\",\"datePublished\":\"2021-05-31T18:31:00+00:00\",\"dateModified\":\"2022-04-24T22:04:09+00:00\",\"mainEntityOfPage\":{\"@id\":\"https:\\\/\\\/caefs.ca\\\/fr\\\/statement-on-the-discovery-of-215-children-at-a-kamloops-residential-school\\\/\"},\"wordCount\":91,\"image\":{\"@id\":\"https:\\\/\\\/caefs.ca\\\/fr\\\/statement-on-the-discovery-of-215-children-at-a-kamloops-residential-school\\\/#primaryimage\"},\"thumbnailUrl\":\"https:\\\/\\\/caefs.ca\\\/wp-content\\\/uploads\\\/2021\\\/05\\\/Statement-on-Kamloops-Residential-School.png\",\"articleSection\":[\"CAEFS Recommendations\"],\"inLanguage\":\"fr-FR\"},{\"@type\":\"WebPage\",\"@id\":\"https:\\\/\\\/caefs.ca\\\/fr\\\/statement-on-the-discovery-of-215-children-at-a-kamloops-residential-school\\\/\",\"url\":\"https:\\\/\\\/caefs.ca\\\/fr\\\/statement-on-the-discovery-of-215-children-at-a-kamloops-residential-school\\\/\",\"name\":\"D\u00e9claration sur la d\u00e9couverte des 215 tombes d\u2019enfants dans un pensionnat de Kamloops - ACSEF\",\"isPartOf\":{\"@id\":\"https:\\\/\\\/caefs.ca\\\/fr\\\/#website\"},\"primaryImageOfPage\":{\"@id\":\"https:\\\/\\\/caefs.ca\\\/fr\\\/statement-on-the-discovery-of-215-children-at-a-kamloops-residential-school\\\/#primaryimage\"},\"image\":{\"@id\":\"https:\\\/\\\/caefs.ca\\\/fr\\\/statement-on-the-discovery-of-215-children-at-a-kamloops-residential-school\\\/#primaryimage\"},\"thumbnailUrl\":\"https:\\\/\\\/caefs.ca\\\/wp-content\\\/uploads\\\/2021\\\/05\\\/Statement-on-Kamloops-Residential-School.png\",\"datePublished\":\"2021-05-31T18:31:00+00:00\",\"dateModified\":\"2022-04-24T22:04:09+00:00\",\"author\":{\"@id\":\"https:\\\/\\\/caefs.ca\\\/fr\\\/#\\\/schema\\\/person\\\/3e690f12d306f8b2f56129f10230ab1f\"},\"breadcrumb\":{\"@id\":\"https:\\\/\\\/caefs.ca\\\/fr\\\/statement-on-the-discovery-of-215-children-at-a-kamloops-residential-school\\\/#breadcrumb\"},\"inLanguage\":\"fr-FR\",\"potentialAction\":[{\"@type\":\"ReadAction\",\"target\":[\"https:\\\/\\\/caefs.ca\\\/fr\\\/statement-on-the-discovery-of-215-children-at-a-kamloops-residential-school\\\/\"]}]},{\"@type\":\"ImageObject\",\"inLanguage\":\"fr-FR\",\"@id\":\"https:\\\/\\\/caefs.ca\\\/fr\\\/statement-on-the-discovery-of-215-children-at-a-kamloops-residential-school\\\/#primaryimage\",\"url\":\"https:\\\/\\\/caefs.ca\\\/wp-content\\\/uploads\\\/2021\\\/05\\\/Statement-on-Kamloops-Residential-School.png\",\"contentUrl\":\"https:\\\/\\\/caefs.ca\\\/wp-content\\\/uploads\\\/2021\\\/05\\\/Statement-on-Kamloops-Residential-School.png\",\"width\":1080,\"height\":1080},{\"@type\":\"BreadcrumbList\",\"@id\":\"https:\\\/\\\/caefs.ca\\\/fr\\\/statement-on-the-discovery-of-215-children-at-a-kamloops-residential-school\\\/#breadcrumb\",\"itemListElement\":[{\"@type\":\"ListItem\",\"position\":1,\"name\":\"Accueil\",\"item\":\"https:\\\/\\\/caefs.ca\\\/fr\\\/\"},{\"@type\":\"ListItem\",\"position\":2,\"name\":\"D\u00e9claration sur la d\u00e9couverte des 215 tombes d\u2019enfants dans un pensionnat de Kamloops\"}]},{\"@type\":\"WebSite\",\"@id\":\"https:\\\/\\\/caefs.ca\\\/fr\\\/#website\",\"url\":\"https:\\\/\\\/caefs.ca\\\/fr\\\/\",\"name\":\"ACSEF\",\"description\":\"Just another WordPress site\",\"potentialAction\":[{\"@type\":\"SearchAction\",\"target\":{\"@type\":\"EntryPoint\",\"urlTemplate\":\"https:\\\/\\\/caefs.ca\\\/fr\\\/?s={search_term_string}\"},\"query-input\":{\"@type\":\"PropertyValueSpecification\",\"valueRequired\":true,\"valueName\":\"search_term_string\"}}],\"inLanguage\":\"fr-FR\"},{\"@type\":\"Person\",\"@id\":\"https:\\\/\\\/caefs.ca\\\/fr\\\/#\\\/schema\\\/person\\\/3e690f12d306f8b2f56129f10230ab1f\",\"name\":\"fredriz\",\"image\":{\"@type\":\"ImageObject\",\"inLanguage\":\"fr-FR\",\"@id\":\"https:\\\/\\\/secure.gravatar.com\\\/avatar\\\/ed8089c7bb36bbb4173fc900fc4f2d372f271bd090da3fb943ea9c44c2a0a348?s=96&d=mm&r=g\",\"url\":\"https:\\\/\\\/secure.gravatar.com\\\/avatar\\\/ed8089c7bb36bbb4173fc900fc4f2d372f271bd090da3fb943ea9c44c2a0a348?s=96&d=mm&r=g\",\"contentUrl\":\"https:\\\/\\\/secure.gravatar.com\\\/avatar\\\/ed8089c7bb36bbb4173fc900fc4f2d372f271bd090da3fb943ea9c44c2a0a348?s=96&d=mm&r=g\",\"caption\":\"fredriz\"},\"url\":\"https:\\\/\\\/caefs.ca\\\/fr\\\/author\\\/fredriz\\\/\"}]}<\/script>\n<!-- \/ Yoast SEO plugin. -->","yoast_head_json":{"title":"D\u00e9claration sur la d\u00e9couverte des 215 tombes d\u2019enfants dans un pensionnat de Kamloops - ACSEF","robots":{"index":"index","follow":"follow","max-snippet":"max-snippet:-1","max-image-preview":"max-image-preview:large","max-video-preview":"max-video-preview:-1"},"canonical":"https:\/\/caefs.ca\/fr\/statement-on-the-discovery-of-215-children-at-a-kamloops-residential-school\/","og_locale":"fr_FR","og_type":"article","og_title":"D\u00e9claration sur la d\u00e9couverte des 215 tombes d\u2019enfants dans un pensionnat de Kamloops - ACSEF","og_description":"L\u2019Association canadienne des Soci\u00e9t\u00e9s Elizabeth Fry exprime toute sa solidarit\u00e9 et son immense peine aux familles et aux communaut\u00e9s des 215\u00a0enfants retrouv\u00e9s sur le site du pensionnat de Kamloops. Nous [&hellip;]","og_url":"https:\/\/caefs.ca\/fr\/statement-on-the-discovery-of-215-children-at-a-kamloops-residential-school\/","og_site_name":"ACSEF","article_published_time":"2021-05-31T18:31:00+00:00","article_modified_time":"2022-04-24T22:04:09+00:00","og_image":[{"width":1080,"height":1080,"url":"https:\/\/caefs.ca\/wp-content\/uploads\/2021\/05\/Statement-on-Kamloops-Residential-School.png","type":"image\/png"}],"author":"fredriz","twitter_card":"summary_large_image","twitter_misc":{"\u00c9crit par":"fredriz","Dur\u00e9e de lecture estim\u00e9e":"1 minute"},"schema":{"@context":"https:\/\/schema.org","@graph":[{"@type":"Article","@id":"https:\/\/caefs.ca\/fr\/statement-on-the-discovery-of-215-children-at-a-kamloops-residential-school\/#article","isPartOf":{"@id":"https:\/\/caefs.ca\/fr\/statement-on-the-discovery-of-215-children-at-a-kamloops-residential-school\/"},"author":{"name":"fredriz","@id":"https:\/\/caefs.ca\/fr\/#\/schema\/person\/3e690f12d306f8b2f56129f10230ab1f"},"headline":"D\u00e9claration sur la d\u00e9couverte des 215 tombes d\u2019enfants dans un pensionnat de Kamloops","datePublished":"2021-05-31T18:31:00+00:00","dateModified":"2022-04-24T22:04:09+00:00","mainEntityOfPage":{"@id":"https:\/\/caefs.ca\/fr\/statement-on-the-discovery-of-215-children-at-a-kamloops-residential-school\/"},"wordCount":91,"image":{"@id":"https:\/\/caefs.ca\/fr\/statement-on-the-discovery-of-215-children-at-a-kamloops-residential-school\/#primaryimage"},"thumbnailUrl":"https:\/\/caefs.ca\/wp-content\/uploads\/2021\/05\/Statement-on-Kamloops-Residential-School.png","articleSection":["CAEFS Recommendations"],"inLanguage":"fr-FR"},{"@type":"WebPage","@id":"https:\/\/caefs.ca\/fr\/statement-on-the-discovery-of-215-children-at-a-kamloops-residential-school\/","url":"https:\/\/caefs.ca\/fr\/statement-on-the-discovery-of-215-children-at-a-kamloops-residential-school\/","name":"D\u00e9claration sur la d\u00e9couverte des 215 tombes d\u2019enfants dans un pensionnat de Kamloops - ACSEF","isPartOf":{"@id":"https:\/\/caefs.ca\/fr\/#website"},"primaryImageOfPage":{"@id":"https:\/\/caefs.ca\/fr\/statement-on-the-discovery-of-215-children-at-a-kamloops-residential-school\/#primaryimage"},"image":{"@id":"https:\/\/caefs.ca\/fr\/statement-on-the-discovery-of-215-children-at-a-kamloops-residential-school\/#primaryimage"},"thumbnailUrl":"https:\/\/caefs.ca\/wp-content\/uploads\/2021\/05\/Statement-on-Kamloops-Residential-School.png","datePublished":"2021-05-31T18:31:00+00:00","dateModified":"2022-04-24T22:04:09+00:00","author":{"@id":"https:\/\/caefs.ca\/fr\/#\/schema\/person\/3e690f12d306f8b2f56129f10230ab1f"},"breadcrumb":{"@id":"https:\/\/caefs.ca\/fr\/statement-on-the-discovery-of-215-children-at-a-kamloops-residential-school\/#breadcrumb"},"inLanguage":"fr-FR","potentialAction":[{"@type":"ReadAction","target":["https:\/\/caefs.ca\/fr\/statement-on-the-discovery-of-215-children-at-a-kamloops-residential-school\/"]}]},{"@type":"ImageObject","inLanguage":"fr-FR","@id":"https:\/\/caefs.ca\/fr\/statement-on-the-discovery-of-215-children-at-a-kamloops-residential-school\/#primaryimage","url":"https:\/\/caefs.ca\/wp-content\/uploads\/2021\/05\/Statement-on-Kamloops-Residential-School.png","contentUrl":"https:\/\/caefs.ca\/wp-content\/uploads\/2021\/05\/Statement-on-Kamloops-Residential-School.png","width":1080,"height":1080},{"@type":"BreadcrumbList","@id":"https:\/\/caefs.ca\/fr\/statement-on-the-discovery-of-215-children-at-a-kamloops-residential-school\/#breadcrumb","itemListElement":[{"@type":"ListItem","position":1,"name":"Accueil","item":"https:\/\/caefs.ca\/fr\/"},{"@type":"ListItem","position":2,"name":"D\u00e9claration sur la d\u00e9couverte des 215 tombes d\u2019enfants dans un pensionnat de Kamloops"}]},{"@type":"WebSite","@id":"https:\/\/caefs.ca\/fr\/#website","url":"https:\/\/caefs.ca\/fr\/","name":"ACSEF","description":"Just another WordPress site","potentialAction":[{"@type":"SearchAction","target":{"@type":"EntryPoint","urlTemplate":"https:\/\/caefs.ca\/fr\/?s={search_term_string}"},"query-input":{"@type":"PropertyValueSpecification","valueRequired":true,"valueName":"search_term_string"}}],"inLanguage":"fr-FR"},{"@type":"Person","@id":"https:\/\/caefs.ca\/fr\/#\/schema\/person\/3e690f12d306f8b2f56129f10230ab1f","name":"fredriz","image":{"@type":"ImageObject","inLanguage":"fr-FR","@id":"https:\/\/secure.gravatar.com\/avatar\/ed8089c7bb36bbb4173fc900fc4f2d372f271bd090da3fb943ea9c44c2a0a348?s=96&d=mm&r=g","url":"https:\/\/secure.gravatar.com\/avatar\/ed8089c7bb36bbb4173fc900fc4f2d372f271bd090da3fb943ea9c44c2a0a348?s=96&d=mm&r=g","contentUrl":"https:\/\/secure.gravatar.com\/avatar\/ed8089c7bb36bbb4173fc900fc4f2d372f271bd090da3fb943ea9c44c2a0a348?s=96&d=mm&r=g","caption":"fredriz"},"url":"https:\/\/caefs.ca\/fr\/author\/fredriz\/"}]}},"_links":{"self":[{"href":"https:\/\/caefs.ca\/fr\/wp-json\/wp\/v2\/posts\/3065","targetHints":{"allow":["GET"]}}],"collection":[{"href":"https:\/\/caefs.ca\/fr\/wp-json\/wp\/v2\/posts"}],"about":[{"href":"https:\/\/caefs.ca\/fr\/wp-json\/wp\/v2\/types\/post"}],"author":[{"embeddable":true,"href":"https:\/\/caefs.ca\/fr\/wp-json\/wp\/v2\/users\/2"}],"replies":[{"embeddable":true,"href":"https:\/\/caefs.ca\/fr\/wp-json\/wp\/v2\/comments?post=3065"}],"version-history":[{"count":2,"href":"https:\/\/caefs.ca\/fr\/wp-json\/wp\/v2\/posts\/3065\/revisions"}],"predecessor-version":[{"id":3133,"href":"https:\/\/caefs.ca\/fr\/wp-json\/wp\/v2\/posts\/3065\/revisions\/3133"}],"wp:featuredmedia":[{"embeddable":true,"href":"https:\/\/caefs.ca\/fr\/wp-json\/wp\/v2\/media\/1347"}],"wp:attachment":[{"href":"https:\/\/caefs.ca\/fr\/wp-json\/wp\/v2\/media?parent=3065"}],"wp:term":[{"taxonomy":"category","embeddable":true,"href":"https:\/\/caefs.ca\/fr\/wp-json\/wp\/v2\/category?post=3065"},{"taxonomy":"post_tag","embeddable":true,"href":"https:\/\/caefs.ca\/fr\/wp-json\/wp\/v2\/tags?post=3065"}],"curies":[{"name":"wp","href":"https:\/\/api.w.org\/{rel}","templated":true}]}}