{"id":3067,"date":"2021-03-08T14:59:00","date_gmt":"2021-03-08T19:59:00","guid":{"rendered":"https:\/\/caefs.ca\/statement-on-recent-reporting-on-sexual-violence-in-federal-prisons-designated-for-women\/"},"modified":"2022-04-24T18:09:18","modified_gmt":"2022-04-24T22:09:18","slug":"statement-on-recent-reporting-on-sexual-violence-in-federal-prisons-designated-for-women","status":"publish","type":"post","link":"https:\/\/caefs.ca\/fr\/statement-on-recent-reporting-on-sexual-violence-in-federal-prisons-designated-for-women\/","title":{"rendered":"D\u00e9claration sur les signalements r\u00e9cents de violence sexuelle dans les p\u00e9nitenciers dits pour femmes"},"content":{"rendered":"\n<p>Aujourd\u2019hui, le Globe and Mail a publi\u00e9&nbsp;<a href=\"https:\/\/www.theglobeandmail.com\/politics\/article-correctional-service-of-canada-fails-to-track-employees-accused-of\/\" target=\"_blank\" rel=\"noreferrer noopener\">un article<\/a>&nbsp;d\u00e9non\u00e7ant l\u2019incapacit\u00e9 du Service correctionnel du Canada (SCC) \u00e0 consigner des donn\u00e9es sur les signalements de violence sexuelle commise par les membres de son personnel sur les personnes incarc\u00e9r\u00e9es dans les p\u00e9nitenciers dits pour femmes.&nbsp;<\/p>\n\n\n\n<p>Au cours de ses nombreuses ann\u00e9es pass\u00e9es \u00e0 d\u00e9fendre les droits des personnes incarc\u00e9r\u00e9es dans les p\u00e9nitenciers dits pour femmes, l\u2019Association canadienne des Soci\u00e9t\u00e9s Elizabeth Fry (ACSEF) a pu observer l\u2019indiff\u00e9rence \u00e9vidente du SCC face aux actes de violence sexuelle commis par son propre personnel sur les personnes d\u00e9tenues. L\u2019ACSEF a soulign\u00e9 \u00e0 plusieurs reprises que le SCC \u00e9tait incapable de cr\u00e9er un environnement qui soutienne les victimes et qui soit propice aux signalements.\u00a0<\/p>\n\n\n\n<div style=\"height:48px\" aria-hidden=\"true\" class=\"wp-block-spacer\"><\/div>\n\n\n\n<div class=\"wp-block-buttons is-horizontal is-content-justification-left is-layout-flex wp-container-core-buttons-is-layout-7e5fce0a wp-block-buttons-is-layout-flex\">\n<div class=\"wp-block-button\"><a class=\"wp-block-button__link\" href=\"https:\/\/caefs.ca\/wp-content\/uploads\/2021\/10\/2021-03-08-NR-CAEFS-Statement-re-Recent-Reporting-on-Sexual-Violence-in-Federal-Prisons-Designated-for-Women.pdf\" target=\"_blank\" rel=\"noreferrer noopener\">Cliquez ici pour lire la d\u00e9claration (anglais seulement)<\/a><\/div>\n<\/div>\n\n\n\n<div style=\"height:100px\" aria-hidden=\"true\" class=\"wp-block-spacer\"><\/div>\n","protected":false},"excerpt":{"rendered":"<p>Aujourd\u2019hui, le Globe and Mail a publi\u00e9&nbsp;un article&nbsp;d\u00e9non\u00e7ant l\u2019incapacit\u00e9 du Service correctionnel du Canada (SCC) \u00e0 consigner des donn\u00e9es sur les signalements de violence sexuelle commise par les membres de [&hellip;]<\/p>\n","protected":false},"author":2,"featured_media":1011,"comment_status":"closed","ping_status":"closed","sticky":false,"template":"","format":"standard","meta":{"_acf_changed":false,"om_disable_all_campaigns":false,"_monsterinsights_skip_tracking":false,"_monsterinsights_sitenote_active":false,"_monsterinsights_sitenote_note":"","_monsterinsights_sitenote_category":0,"footnotes":""},"category":[1],"tags":[],"class_list":["post-3067","post","type-post","status-publish","format-standard","has-post-thumbnail","hentry","category-caefs-recommendations"],"acf":[],"aioseo_notices":[],"yoast_head":"<!-- This site is optimized with the Yoast SEO plugin v27.4 - https:\/\/yoast.com\/product\/yoast-seo-wordpress\/ -->\n<title>D\u00e9claration sur les signalements r\u00e9cents de violence sexuelle dans les p\u00e9nitenciers dits pour femmes - ACSEF<\/title>\n<meta name=\"robots\" content=\"index, follow, max-snippet:-1, max-image-preview:large, max-video-preview:-1\" \/>\n<link rel=\"canonical\" href=\"https:\/\/caefs.ca\/fr\/statement-on-recent-reporting-on-sexual-violence-in-federal-prisons-designated-for-women\/\" \/>\n<meta property=\"og:locale\" content=\"fr_FR\" \/>\n<meta property=\"og:type\" content=\"article\" \/>\n<meta property=\"og:title\" content=\"D\u00e9claration sur les signalements r\u00e9cents de violence sexuelle dans les p\u00e9nitenciers dits pour femmes - ACSEF\" \/>\n<meta property=\"og:description\" content=\"Aujourd\u2019hui, le Globe and Mail a publi\u00e9&nbsp;un article&nbsp;d\u00e9non\u00e7ant l\u2019incapacit\u00e9 du Service correctionnel du Canada (SCC) \u00e0 consigner des donn\u00e9es sur les signalements de violence sexuelle commise par les membres de [&hellip;]\" \/>\n<meta property=\"og:url\" content=\"https:\/\/caefs.ca\/fr\/statement-on-recent-reporting-on-sexual-violence-in-federal-prisons-designated-for-women\/\" \/>\n<meta property=\"og:site_name\" content=\"ACSEF\" \/>\n<meta property=\"article:published_time\" content=\"2021-03-08T19:59:00+00:00\" \/>\n<meta property=\"article:modified_time\" content=\"2022-04-24T22:09:18+00:00\" \/>\n<meta property=\"og:image\" content=\"https:\/\/caefs.ca\/wp-content\/uploads\/2021\/10\/Screen-Shot-2021-10-15-at-2.58.18-PM.png\" \/>\n\t<meta property=\"og:image:width\" content=\"1056\" \/>\n\t<meta property=\"og:image:height\" content=\"1326\" \/>\n\t<meta property=\"og:image:type\" content=\"image\/png\" \/>\n<meta name=\"author\" content=\"fredriz\" \/>\n<meta name=\"twitter:card\" content=\"summary_large_image\" \/>\n<meta name=\"twitter:label1\" content=\"\u00c9crit par\" \/>\n\t<meta name=\"twitter:data1\" content=\"fredriz\" \/>\n\t<meta name=\"twitter:label2\" content=\"Dur\u00e9e de lecture estim\u00e9e\" \/>\n\t<meta name=\"twitter:data2\" content=\"1 minute\" \/>\n<script type=\"application\/ld+json\" class=\"yoast-schema-graph\">{\"@context\":\"https:\\\/\\\/schema.org\",\"@graph\":[{\"@type\":\"Article\",\"@id\":\"https:\\\/\\\/caefs.ca\\\/fr\\\/statement-on-recent-reporting-on-sexual-violence-in-federal-prisons-designated-for-women\\\/#article\",\"isPartOf\":{\"@id\":\"https:\\\/\\\/caefs.ca\\\/fr\\\/statement-on-recent-reporting-on-sexual-violence-in-federal-prisons-designated-for-women\\\/\"},\"author\":{\"name\":\"fredriz\",\"@id\":\"https:\\\/\\\/caefs.ca\\\/fr\\\/#\\\/schema\\\/person\\\/3e690f12d306f8b2f56129f10230ab1f\"},\"headline\":\"D\u00e9claration sur les signalements r\u00e9cents de violence sexuelle dans les p\u00e9nitenciers dits pour femmes\",\"datePublished\":\"2021-03-08T19:59:00+00:00\",\"dateModified\":\"2022-04-24T22:09:18+00:00\",\"mainEntityOfPage\":{\"@id\":\"https:\\\/\\\/caefs.ca\\\/fr\\\/statement-on-recent-reporting-on-sexual-violence-in-federal-prisons-designated-for-women\\\/\"},\"wordCount\":166,\"image\":{\"@id\":\"https:\\\/\\\/caefs.ca\\\/fr\\\/statement-on-recent-reporting-on-sexual-violence-in-federal-prisons-designated-for-women\\\/#primaryimage\"},\"thumbnailUrl\":\"https:\\\/\\\/caefs.ca\\\/wp-content\\\/uploads\\\/2021\\\/10\\\/Screen-Shot-2021-10-15-at-2.58.18-PM.png\",\"articleSection\":[\"CAEFS Recommendations\"],\"inLanguage\":\"fr-FR\"},{\"@type\":\"WebPage\",\"@id\":\"https:\\\/\\\/caefs.ca\\\/fr\\\/statement-on-recent-reporting-on-sexual-violence-in-federal-prisons-designated-for-women\\\/\",\"url\":\"https:\\\/\\\/caefs.ca\\\/fr\\\/statement-on-recent-reporting-on-sexual-violence-in-federal-prisons-designated-for-women\\\/\",\"name\":\"D\u00e9claration sur les signalements r\u00e9cents de violence sexuelle dans les p\u00e9nitenciers dits pour femmes - ACSEF\",\"isPartOf\":{\"@id\":\"https:\\\/\\\/caefs.ca\\\/fr\\\/#website\"},\"primaryImageOfPage\":{\"@id\":\"https:\\\/\\\/caefs.ca\\\/fr\\\/statement-on-recent-reporting-on-sexual-violence-in-federal-prisons-designated-for-women\\\/#primaryimage\"},\"image\":{\"@id\":\"https:\\\/\\\/caefs.ca\\\/fr\\\/statement-on-recent-reporting-on-sexual-violence-in-federal-prisons-designated-for-women\\\/#primaryimage\"},\"thumbnailUrl\":\"https:\\\/\\\/caefs.ca\\\/wp-content\\\/uploads\\\/2021\\\/10\\\/Screen-Shot-2021-10-15-at-2.58.18-PM.png\",\"datePublished\":\"2021-03-08T19:59:00+00:00\",\"dateModified\":\"2022-04-24T22:09:18+00:00\",\"author\":{\"@id\":\"https:\\\/\\\/caefs.ca\\\/fr\\\/#\\\/schema\\\/person\\\/3e690f12d306f8b2f56129f10230ab1f\"},\"breadcrumb\":{\"@id\":\"https:\\\/\\\/caefs.ca\\\/fr\\\/statement-on-recent-reporting-on-sexual-violence-in-federal-prisons-designated-for-women\\\/#breadcrumb\"},\"inLanguage\":\"fr-FR\",\"potentialAction\":[{\"@type\":\"ReadAction\",\"target\":[\"https:\\\/\\\/caefs.ca\\\/fr\\\/statement-on-recent-reporting-on-sexual-violence-in-federal-prisons-designated-for-women\\\/\"]}]},{\"@type\":\"ImageObject\",\"inLanguage\":\"fr-FR\",\"@id\":\"https:\\\/\\\/caefs.ca\\\/fr\\\/statement-on-recent-reporting-on-sexual-violence-in-federal-prisons-designated-for-women\\\/#primaryimage\",\"url\":\"https:\\\/\\\/caefs.ca\\\/wp-content\\\/uploads\\\/2021\\\/10\\\/Screen-Shot-2021-10-15-at-2.58.18-PM.png\",\"contentUrl\":\"https:\\\/\\\/caefs.ca\\\/wp-content\\\/uploads\\\/2021\\\/10\\\/Screen-Shot-2021-10-15-at-2.58.18-PM.png\",\"width\":1056,\"height\":1326,\"caption\":\"A screenshot of a statement by CAEFS regarding sexual violence in federal prisons for women.\"},{\"@type\":\"BreadcrumbList\",\"@id\":\"https:\\\/\\\/caefs.ca\\\/fr\\\/statement-on-recent-reporting-on-sexual-violence-in-federal-prisons-designated-for-women\\\/#breadcrumb\",\"itemListElement\":[{\"@type\":\"ListItem\",\"position\":1,\"name\":\"Accueil\",\"item\":\"https:\\\/\\\/caefs.ca\\\/fr\\\/\"},{\"@type\":\"ListItem\",\"position\":2,\"name\":\"D\u00e9claration sur les signalements r\u00e9cents de violence sexuelle dans les p\u00e9nitenciers dits pour femmes\"}]},{\"@type\":\"WebSite\",\"@id\":\"https:\\\/\\\/caefs.ca\\\/fr\\\/#website\",\"url\":\"https:\\\/\\\/caefs.ca\\\/fr\\\/\",\"name\":\"ACSEF\",\"description\":\"Just another WordPress site\",\"potentialAction\":[{\"@type\":\"SearchAction\",\"target\":{\"@type\":\"EntryPoint\",\"urlTemplate\":\"https:\\\/\\\/caefs.ca\\\/fr\\\/?s={search_term_string}\"},\"query-input\":{\"@type\":\"PropertyValueSpecification\",\"valueRequired\":true,\"valueName\":\"search_term_string\"}}],\"inLanguage\":\"fr-FR\"},{\"@type\":\"Person\",\"@id\":\"https:\\\/\\\/caefs.ca\\\/fr\\\/#\\\/schema\\\/person\\\/3e690f12d306f8b2f56129f10230ab1f\",\"name\":\"fredriz\",\"image\":{\"@type\":\"ImageObject\",\"inLanguage\":\"fr-FR\",\"@id\":\"https:\\\/\\\/secure.gravatar.com\\\/avatar\\\/ed8089c7bb36bbb4173fc900fc4f2d372f271bd090da3fb943ea9c44c2a0a348?s=96&d=mm&r=g\",\"url\":\"https:\\\/\\\/secure.gravatar.com\\\/avatar\\\/ed8089c7bb36bbb4173fc900fc4f2d372f271bd090da3fb943ea9c44c2a0a348?s=96&d=mm&r=g\",\"contentUrl\":\"https:\\\/\\\/secure.gravatar.com\\\/avatar\\\/ed8089c7bb36bbb4173fc900fc4f2d372f271bd090da3fb943ea9c44c2a0a348?s=96&d=mm&r=g\",\"caption\":\"fredriz\"},\"url\":\"https:\\\/\\\/caefs.ca\\\/fr\\\/author\\\/fredriz\\\/\"}]}<\/script>\n<!-- \/ Yoast SEO plugin. -->","yoast_head_json":{"title":"D\u00e9claration sur les signalements r\u00e9cents de violence sexuelle dans les p\u00e9nitenciers dits pour femmes - ACSEF","robots":{"index":"index","follow":"follow","max-snippet":"max-snippet:-1","max-image-preview":"max-image-preview:large","max-video-preview":"max-video-preview:-1"},"canonical":"https:\/\/caefs.ca\/fr\/statement-on-recent-reporting-on-sexual-violence-in-federal-prisons-designated-for-women\/","og_locale":"fr_FR","og_type":"article","og_title":"D\u00e9claration sur les signalements r\u00e9cents de violence sexuelle dans les p\u00e9nitenciers dits pour femmes - ACSEF","og_description":"Aujourd\u2019hui, le Globe and Mail a publi\u00e9&nbsp;un article&nbsp;d\u00e9non\u00e7ant l\u2019incapacit\u00e9 du Service correctionnel du Canada (SCC) \u00e0 consigner des donn\u00e9es sur les signalements de violence sexuelle commise par les membres de [&hellip;]","og_url":"https:\/\/caefs.ca\/fr\/statement-on-recent-reporting-on-sexual-violence-in-federal-prisons-designated-for-women\/","og_site_name":"ACSEF","article_published_time":"2021-03-08T19:59:00+00:00","article_modified_time":"2022-04-24T22:09:18+00:00","og_image":[{"width":1056,"height":1326,"url":"https:\/\/caefs.ca\/wp-content\/uploads\/2021\/10\/Screen-Shot-2021-10-15-at-2.58.18-PM.png","type":"image\/png"}],"author":"fredriz","twitter_card":"summary_large_image","twitter_misc":{"\u00c9crit par":"fredriz","Dur\u00e9e de lecture estim\u00e9e":"1 minute"},"schema":{"@context":"https:\/\/schema.org","@graph":[{"@type":"Article","@id":"https:\/\/caefs.ca\/fr\/statement-on-recent-reporting-on-sexual-violence-in-federal-prisons-designated-for-women\/#article","isPartOf":{"@id":"https:\/\/caefs.ca\/fr\/statement-on-recent-reporting-on-sexual-violence-in-federal-prisons-designated-for-women\/"},"author":{"name":"fredriz","@id":"https:\/\/caefs.ca\/fr\/#\/schema\/person\/3e690f12d306f8b2f56129f10230ab1f"},"headline":"D\u00e9claration sur les signalements r\u00e9cents de violence sexuelle dans les p\u00e9nitenciers dits pour femmes","datePublished":"2021-03-08T19:59:00+00:00","dateModified":"2022-04-24T22:09:18+00:00","mainEntityOfPage":{"@id":"https:\/\/caefs.ca\/fr\/statement-on-recent-reporting-on-sexual-violence-in-federal-prisons-designated-for-women\/"},"wordCount":166,"image":{"@id":"https:\/\/caefs.ca\/fr\/statement-on-recent-reporting-on-sexual-violence-in-federal-prisons-designated-for-women\/#primaryimage"},"thumbnailUrl":"https:\/\/caefs.ca\/wp-content\/uploads\/2021\/10\/Screen-Shot-2021-10-15-at-2.58.18-PM.png","articleSection":["CAEFS Recommendations"],"inLanguage":"fr-FR"},{"@type":"WebPage","@id":"https:\/\/caefs.ca\/fr\/statement-on-recent-reporting-on-sexual-violence-in-federal-prisons-designated-for-women\/","url":"https:\/\/caefs.ca\/fr\/statement-on-recent-reporting-on-sexual-violence-in-federal-prisons-designated-for-women\/","name":"D\u00e9claration sur les signalements r\u00e9cents de violence sexuelle dans les p\u00e9nitenciers dits pour femmes - ACSEF","isPartOf":{"@id":"https:\/\/caefs.ca\/fr\/#website"},"primaryImageOfPage":{"@id":"https:\/\/caefs.ca\/fr\/statement-on-recent-reporting-on-sexual-violence-in-federal-prisons-designated-for-women\/#primaryimage"},"image":{"@id":"https:\/\/caefs.ca\/fr\/statement-on-recent-reporting-on-sexual-violence-in-federal-prisons-designated-for-women\/#primaryimage"},"thumbnailUrl":"https:\/\/caefs.ca\/wp-content\/uploads\/2021\/10\/Screen-Shot-2021-10-15-at-2.58.18-PM.png","datePublished":"2021-03-08T19:59:00+00:00","dateModified":"2022-04-24T22:09:18+00:00","author":{"@id":"https:\/\/caefs.ca\/fr\/#\/schema\/person\/3e690f12d306f8b2f56129f10230ab1f"},"breadcrumb":{"@id":"https:\/\/caefs.ca\/fr\/statement-on-recent-reporting-on-sexual-violence-in-federal-prisons-designated-for-women\/#breadcrumb"},"inLanguage":"fr-FR","potentialAction":[{"@type":"ReadAction","target":["https:\/\/caefs.ca\/fr\/statement-on-recent-reporting-on-sexual-violence-in-federal-prisons-designated-for-women\/"]}]},{"@type":"ImageObject","inLanguage":"fr-FR","@id":"https:\/\/caefs.ca\/fr\/statement-on-recent-reporting-on-sexual-violence-in-federal-prisons-designated-for-women\/#primaryimage","url":"https:\/\/caefs.ca\/wp-content\/uploads\/2021\/10\/Screen-Shot-2021-10-15-at-2.58.18-PM.png","contentUrl":"https:\/\/caefs.ca\/wp-content\/uploads\/2021\/10\/Screen-Shot-2021-10-15-at-2.58.18-PM.png","width":1056,"height":1326,"caption":"A screenshot of a statement by CAEFS regarding sexual violence in federal prisons for women."},{"@type":"BreadcrumbList","@id":"https:\/\/caefs.ca\/fr\/statement-on-recent-reporting-on-sexual-violence-in-federal-prisons-designated-for-women\/#breadcrumb","itemListElement":[{"@type":"ListItem","position":1,"name":"Accueil","item":"https:\/\/caefs.ca\/fr\/"},{"@type":"ListItem","position":2,"name":"D\u00e9claration sur les signalements r\u00e9cents de violence sexuelle dans les p\u00e9nitenciers dits pour femmes"}]},{"@type":"WebSite","@id":"https:\/\/caefs.ca\/fr\/#website","url":"https:\/\/caefs.ca\/fr\/","name":"ACSEF","description":"Just another WordPress site","potentialAction":[{"@type":"SearchAction","target":{"@type":"EntryPoint","urlTemplate":"https:\/\/caefs.ca\/fr\/?s={search_term_string}"},"query-input":{"@type":"PropertyValueSpecification","valueRequired":true,"valueName":"search_term_string"}}],"inLanguage":"fr-FR"},{"@type":"Person","@id":"https:\/\/caefs.ca\/fr\/#\/schema\/person\/3e690f12d306f8b2f56129f10230ab1f","name":"fredriz","image":{"@type":"ImageObject","inLanguage":"fr-FR","@id":"https:\/\/secure.gravatar.com\/avatar\/ed8089c7bb36bbb4173fc900fc4f2d372f271bd090da3fb943ea9c44c2a0a348?s=96&d=mm&r=g","url":"https:\/\/secure.gravatar.com\/avatar\/ed8089c7bb36bbb4173fc900fc4f2d372f271bd090da3fb943ea9c44c2a0a348?s=96&d=mm&r=g","contentUrl":"https:\/\/secure.gravatar.com\/avatar\/ed8089c7bb36bbb4173fc900fc4f2d372f271bd090da3fb943ea9c44c2a0a348?s=96&d=mm&r=g","caption":"fredriz"},"url":"https:\/\/caefs.ca\/fr\/author\/fredriz\/"}]}},"_links":{"self":[{"href":"https:\/\/caefs.ca\/fr\/wp-json\/wp\/v2\/posts\/3067","targetHints":{"allow":["GET"]}}],"collection":[{"href":"https:\/\/caefs.ca\/fr\/wp-json\/wp\/v2\/posts"}],"about":[{"href":"https:\/\/caefs.ca\/fr\/wp-json\/wp\/v2\/types\/post"}],"author":[{"embeddable":true,"href":"https:\/\/caefs.ca\/fr\/wp-json\/wp\/v2\/users\/2"}],"replies":[{"embeddable":true,"href":"https:\/\/caefs.ca\/fr\/wp-json\/wp\/v2\/comments?post=3067"}],"version-history":[{"count":3,"href":"https:\/\/caefs.ca\/fr\/wp-json\/wp\/v2\/posts\/3067\/revisions"}],"predecessor-version":[{"id":3947,"href":"https:\/\/caefs.ca\/fr\/wp-json\/wp\/v2\/posts\/3067\/revisions\/3947"}],"wp:featuredmedia":[{"embeddable":true,"href":"https:\/\/caefs.ca\/fr\/wp-json\/wp\/v2\/media\/1011"}],"wp:attachment":[{"href":"https:\/\/caefs.ca\/fr\/wp-json\/wp\/v2\/media?parent=3067"}],"wp:term":[{"taxonomy":"category","embeddable":true,"href":"https:\/\/caefs.ca\/fr\/wp-json\/wp\/v2\/category?post=3067"},{"taxonomy":"post_tag","embeddable":true,"href":"https:\/\/caefs.ca\/fr\/wp-json\/wp\/v2\/tags?post=3067"}],"curies":[{"name":"wp","href":"https:\/\/api.w.org\/{rel}","templated":true}]}}