{"id":4515,"date":"2022-04-27T17:43:57","date_gmt":"2022-04-27T21:43:57","guid":{"rendered":"https:\/\/caefs.ca\/?p=4515"},"modified":"2022-05-04T11:58:03","modified_gmt":"2022-05-04T15:58:03","slug":"semaine-elizabeth-fry-2022-sentence-vie","status":"publish","type":"post","link":"https:\/\/caefs.ca\/fr\/semaine-elizabeth-fry-2022-sentence-vie\/","title":{"rendered":"Semaine Elizabeth Fry 2022 : Sentence vie"},"content":{"rendered":"\n<p>Nous sommes ravies de partager toute l\u2019information sur les \u00e9v\u00e9nements de la Semaine Elizabeth&nbsp;Fry&nbsp;2022, qui sera consacr\u00e9e au th\u00e8me \u00ab&nbsp;Sentence vie&nbsp;: comprendre les condamnations \u00e0 perp\u00e9tuit\u00e9 au Canada&nbsp;\u00bb.<\/p>\n\n\n\n<p>Le but de la Semaine Elizabeth&nbsp;Fry est de sensibiliser les gens et de les informer sur les probl\u00e8mes qui touchent les femmes et les personnes de diverses identit\u00e9s de genre criminalis\u00e9es et marginalis\u00e9es.&nbsp;Cette ann\u00e9e, nous profitons de la Semaine Elizabeth&nbsp;Fry pour sensibiliser le public \u00e0 l\u2019un des enjeux en mati\u00e8re de justice les plus m\u00e9connus et, sans doute, les plus graves au Canada&nbsp;: la condamnation \u00e0 perp\u00e9tuit\u00e9.<\/p>\n\n\n\n<p>Du 2 au 7&nbsp;mai&nbsp;2022, nous organisons une s\u00e9rie de discussions publiques gratuites sur les peines de prison \u00e0 vie, qui aideront \u00e0 mettre en lumi\u00e8re les r\u00e9percussions injustes et cach\u00e9es de cette pratique au Canada.<\/p>\n\n\n\n<p>Vous trouverez ci-dessous un calendrier des \u00e9v\u00e9nements. Comme vous le voyez, nos sujets de conversation aident \u00e0 mettre en lumi\u00e8re les r\u00e9percussions injustes et cach\u00e9es des peines de prison \u00e0 vie au Canada. Nous nous r\u00e9jouissons de mettre de l\u2019avant les perspectives de nombreuses personnes condamn\u00e9es \u00e0 perp\u00e9tuit\u00e9, ainsi que celles d\u2019universitaires, de d\u00e9fenseur(-euse)s des droits et de membres de la communaut\u00e9.<\/p>\n\n\n\n<p><strong>Les inscriptions sont \u00e0 pr\u00e9sent ouvertes! Nous esp\u00e9rons vous compter parmi nous.<\/strong>&nbsp;<\/p>\n\n\n\n<div class=\"wp-block-buttons is-layout-flex wp-block-buttons-is-layout-flex\">\n<div class=\"wp-block-button\"><a class=\"wp-block-button__link\" href=\"https:\/\/www.eventbrite.com\/cc\/elizabeth-fry-week-2022-doing-life-308139\" target=\"_blank\" rel=\"noreferrer noopener\">Inscrivez-vous d\u00e8s maintenant!<\/a><\/div>\n<\/div>\n\n\n\n<p><\/p>\n\n\n\n<p>Veuillez noter que les conversations publiques ne seront pas enregistr\u00e9es et ne seront donc pas accessibles apr\u00e8s l\u2019\u00e9v\u00e9nement.<\/p>\n\n\n\n<p>Une traduction simultan\u00e9e en fran\u00e7ais et un sous-titrage automatique en anglais seront propos\u00e9s.<\/p>\n\n\n\n<figure class=\"wp-block-image size-large\"><img loading=\"lazy\" decoding=\"async\" width=\"1024\" height=\"1024\" src=\"https:\/\/caefs.ca\/wp-content\/uploads\/2022\/05\/Elizabeth-Fry-Week-2022-Schedule-of-Events-1024x1024.png\" alt=\"\" class=\"wp-image-4602\" srcset=\"https:\/\/caefs.ca\/wp-content\/uploads\/2022\/05\/Elizabeth-Fry-Week-2022-Schedule-of-Events-1024x1024.png 1024w, https:\/\/caefs.ca\/wp-content\/uploads\/2022\/05\/Elizabeth-Fry-Week-2022-Schedule-of-Events-300x300.png 300w, https:\/\/caefs.ca\/wp-content\/uploads\/2022\/05\/Elizabeth-Fry-Week-2022-Schedule-of-Events-150x150.png 150w, https:\/\/caefs.ca\/wp-content\/uploads\/2022\/05\/Elizabeth-Fry-Week-2022-Schedule-of-Events-768x768.png 768w, https:\/\/caefs.ca\/wp-content\/uploads\/2022\/05\/Elizabeth-Fry-Week-2022-Schedule-of-Events-400x400.png 400w, https:\/\/caefs.ca\/wp-content\/uploads\/2022\/05\/Elizabeth-Fry-Week-2022-Schedule-of-Events.png 1080w\" sizes=\"auto, (max-width: 1024px) 100vw, 1024px\" \/><\/figure>\n","protected":false},"excerpt":{"rendered":"<p>Nous sommes ravies de partager toute l\u2019information sur les \u00e9v\u00e9nements de la Semaine Elizabeth&nbsp;Fry&nbsp;2022, qui sera consacr\u00e9e au th\u00e8me \u00ab&nbsp;Sentence vie&nbsp;: comprendre les condamnations \u00e0 perp\u00e9tuit\u00e9 au Canada&nbsp;\u00bb. Le but [&hellip;]<\/p>\n","protected":false},"author":3,"featured_media":0,"comment_status":"closed","ping_status":"closed","sticky":false,"template":"","format":"standard","meta":{"_acf_changed":false,"om_disable_all_campaigns":false,"_monsterinsights_skip_tracking":false,"_monsterinsights_sitenote_active":false,"_monsterinsights_sitenote_note":"","_monsterinsights_sitenote_category":0,"footnotes":""},"category":[8],"tags":[],"class_list":["post-4515","post","type-post","status-publish","format-standard","hentry","category-non-classifiee"],"acf":[],"aioseo_notices":[],"yoast_head":"<!-- This site is optimized with the Yoast SEO plugin v27.4 - https:\/\/yoast.com\/product\/yoast-seo-wordpress\/ -->\n<title>Semaine Elizabeth Fry 2022 : Sentence vie - ACSEF<\/title>\n<meta name=\"robots\" content=\"index, follow, max-snippet:-1, max-image-preview:large, max-video-preview:-1\" \/>\n<link rel=\"canonical\" href=\"https:\/\/caefs.ca\/fr\/semaine-elizabeth-fry-2022-sentence-vie\/\" \/>\n<meta property=\"og:locale\" content=\"fr_FR\" \/>\n<meta property=\"og:type\" content=\"article\" \/>\n<meta property=\"og:title\" content=\"Semaine Elizabeth Fry 2022 : Sentence vie - ACSEF\" \/>\n<meta property=\"og:description\" content=\"Nous sommes ravies de partager toute l\u2019information sur les \u00e9v\u00e9nements de la Semaine Elizabeth&nbsp;Fry&nbsp;2022, qui sera consacr\u00e9e au th\u00e8me \u00ab&nbsp;Sentence vie&nbsp;: comprendre les condamnations \u00e0 perp\u00e9tuit\u00e9 au Canada&nbsp;\u00bb. Le but [&hellip;]\" \/>\n<meta property=\"og:url\" content=\"https:\/\/caefs.ca\/fr\/semaine-elizabeth-fry-2022-sentence-vie\/\" \/>\n<meta property=\"og:site_name\" content=\"ACSEF\" \/>\n<meta property=\"article:published_time\" content=\"2022-04-27T21:43:57+00:00\" \/>\n<meta property=\"article:modified_time\" content=\"2022-05-04T15:58:03+00:00\" \/>\n<meta property=\"og:image\" content=\"https:\/\/caefs.ca\/wp-content\/uploads\/2022\/05\/Elizabeth-Fry-Week-2022-Schedule-of-Events-1024x1024.png\" \/>\n<meta name=\"author\" content=\"Jackie Omstead\" \/>\n<meta name=\"twitter:card\" content=\"summary_large_image\" \/>\n<meta name=\"twitter:label1\" content=\"\u00c9crit par\" \/>\n\t<meta name=\"twitter:data1\" content=\"Jackie Omstead\" \/>\n\t<meta name=\"twitter:label2\" content=\"Dur\u00e9e de lecture estim\u00e9e\" \/>\n\t<meta name=\"twitter:data2\" content=\"2 minutes\" \/>\n<script type=\"application\/ld+json\" class=\"yoast-schema-graph\">{\"@context\":\"https:\\\/\\\/schema.org\",\"@graph\":[{\"@type\":\"Article\",\"@id\":\"https:\\\/\\\/caefs.ca\\\/fr\\\/semaine-elizabeth-fry-2022-sentence-vie\\\/#article\",\"isPartOf\":{\"@id\":\"https:\\\/\\\/caefs.ca\\\/fr\\\/semaine-elizabeth-fry-2022-sentence-vie\\\/\"},\"author\":{\"name\":\"Jackie Omstead\",\"@id\":\"https:\\\/\\\/caefs.ca\\\/fr\\\/#\\\/schema\\\/person\\\/cecc86ff46fdc00e6e6714d7e5a33959\"},\"headline\":\"Semaine Elizabeth Fry 2022 : Sentence vie\",\"datePublished\":\"2022-04-27T21:43:57+00:00\",\"dateModified\":\"2022-05-04T15:58:03+00:00\",\"mainEntityOfPage\":{\"@id\":\"https:\\\/\\\/caefs.ca\\\/fr\\\/semaine-elizabeth-fry-2022-sentence-vie\\\/\"},\"wordCount\":289,\"image\":{\"@id\":\"https:\\\/\\\/caefs.ca\\\/fr\\\/semaine-elizabeth-fry-2022-sentence-vie\\\/#primaryimage\"},\"thumbnailUrl\":\"https:\\\/\\\/caefs.ca\\\/wp-content\\\/uploads\\\/2022\\\/05\\\/Elizabeth-Fry-Week-2022-Schedule-of-Events-1024x1024.png\",\"articleSection\":[\"Non classifi\u00e9(e)\"],\"inLanguage\":\"fr-FR\"},{\"@type\":\"WebPage\",\"@id\":\"https:\\\/\\\/caefs.ca\\\/fr\\\/semaine-elizabeth-fry-2022-sentence-vie\\\/\",\"url\":\"https:\\\/\\\/caefs.ca\\\/fr\\\/semaine-elizabeth-fry-2022-sentence-vie\\\/\",\"name\":\"Semaine Elizabeth Fry 2022 : Sentence vie - ACSEF\",\"isPartOf\":{\"@id\":\"https:\\\/\\\/caefs.ca\\\/fr\\\/#website\"},\"primaryImageOfPage\":{\"@id\":\"https:\\\/\\\/caefs.ca\\\/fr\\\/semaine-elizabeth-fry-2022-sentence-vie\\\/#primaryimage\"},\"image\":{\"@id\":\"https:\\\/\\\/caefs.ca\\\/fr\\\/semaine-elizabeth-fry-2022-sentence-vie\\\/#primaryimage\"},\"thumbnailUrl\":\"https:\\\/\\\/caefs.ca\\\/wp-content\\\/uploads\\\/2022\\\/05\\\/Elizabeth-Fry-Week-2022-Schedule-of-Events-1024x1024.png\",\"datePublished\":\"2022-04-27T21:43:57+00:00\",\"dateModified\":\"2022-05-04T15:58:03+00:00\",\"author\":{\"@id\":\"https:\\\/\\\/caefs.ca\\\/fr\\\/#\\\/schema\\\/person\\\/cecc86ff46fdc00e6e6714d7e5a33959\"},\"breadcrumb\":{\"@id\":\"https:\\\/\\\/caefs.ca\\\/fr\\\/semaine-elizabeth-fry-2022-sentence-vie\\\/#breadcrumb\"},\"inLanguage\":\"fr-FR\",\"potentialAction\":[{\"@type\":\"ReadAction\",\"target\":[\"https:\\\/\\\/caefs.ca\\\/fr\\\/semaine-elizabeth-fry-2022-sentence-vie\\\/\"]}]},{\"@type\":\"ImageObject\",\"inLanguage\":\"fr-FR\",\"@id\":\"https:\\\/\\\/caefs.ca\\\/fr\\\/semaine-elizabeth-fry-2022-sentence-vie\\\/#primaryimage\",\"url\":\"https:\\\/\\\/caefs.ca\\\/wp-content\\\/uploads\\\/2022\\\/05\\\/Elizabeth-Fry-Week-2022-Schedule-of-Events-1024x1024.png\",\"contentUrl\":\"https:\\\/\\\/caefs.ca\\\/wp-content\\\/uploads\\\/2022\\\/05\\\/Elizabeth-Fry-Week-2022-Schedule-of-Events-1024x1024.png\"},{\"@type\":\"BreadcrumbList\",\"@id\":\"https:\\\/\\\/caefs.ca\\\/fr\\\/semaine-elizabeth-fry-2022-sentence-vie\\\/#breadcrumb\",\"itemListElement\":[{\"@type\":\"ListItem\",\"position\":1,\"name\":\"Accueil\",\"item\":\"https:\\\/\\\/caefs.ca\\\/fr\\\/\"},{\"@type\":\"ListItem\",\"position\":2,\"name\":\"Semaine Elizabeth Fry 2022 : Sentence vie\"}]},{\"@type\":\"WebSite\",\"@id\":\"https:\\\/\\\/caefs.ca\\\/fr\\\/#website\",\"url\":\"https:\\\/\\\/caefs.ca\\\/fr\\\/\",\"name\":\"ACSEF\",\"description\":\"Just another WordPress site\",\"potentialAction\":[{\"@type\":\"SearchAction\",\"target\":{\"@type\":\"EntryPoint\",\"urlTemplate\":\"https:\\\/\\\/caefs.ca\\\/fr\\\/?s={search_term_string}\"},\"query-input\":{\"@type\":\"PropertyValueSpecification\",\"valueRequired\":true,\"valueName\":\"search_term_string\"}}],\"inLanguage\":\"fr-FR\"},{\"@type\":\"Person\",\"@id\":\"https:\\\/\\\/caefs.ca\\\/fr\\\/#\\\/schema\\\/person\\\/cecc86ff46fdc00e6e6714d7e5a33959\",\"name\":\"Jackie Omstead\",\"image\":{\"@type\":\"ImageObject\",\"inLanguage\":\"fr-FR\",\"@id\":\"https:\\\/\\\/secure.gravatar.com\\\/avatar\\\/f26bb669201f2fad39efad2d8e364bea14b17296d05c0ac31301c8a4688ff2ce?s=96&d=mm&r=g\",\"url\":\"https:\\\/\\\/secure.gravatar.com\\\/avatar\\\/f26bb669201f2fad39efad2d8e364bea14b17296d05c0ac31301c8a4688ff2ce?s=96&d=mm&r=g\",\"contentUrl\":\"https:\\\/\\\/secure.gravatar.com\\\/avatar\\\/f26bb669201f2fad39efad2d8e364bea14b17296d05c0ac31301c8a4688ff2ce?s=96&d=mm&r=g\",\"caption\":\"Jackie Omstead\"},\"url\":\"https:\\\/\\\/caefs.ca\\\/fr\\\/author\\\/jomstead\\\/\"}]}<\/script>\n<!-- \/ Yoast SEO plugin. -->","yoast_head_json":{"title":"Semaine Elizabeth Fry 2022 : Sentence vie - ACSEF","robots":{"index":"index","follow":"follow","max-snippet":"max-snippet:-1","max-image-preview":"max-image-preview:large","max-video-preview":"max-video-preview:-1"},"canonical":"https:\/\/caefs.ca\/fr\/semaine-elizabeth-fry-2022-sentence-vie\/","og_locale":"fr_FR","og_type":"article","og_title":"Semaine Elizabeth Fry 2022 : Sentence vie - ACSEF","og_description":"Nous sommes ravies de partager toute l\u2019information sur les \u00e9v\u00e9nements de la Semaine Elizabeth&nbsp;Fry&nbsp;2022, qui sera consacr\u00e9e au th\u00e8me \u00ab&nbsp;Sentence vie&nbsp;: comprendre les condamnations \u00e0 perp\u00e9tuit\u00e9 au Canada&nbsp;\u00bb. Le but [&hellip;]","og_url":"https:\/\/caefs.ca\/fr\/semaine-elizabeth-fry-2022-sentence-vie\/","og_site_name":"ACSEF","article_published_time":"2022-04-27T21:43:57+00:00","article_modified_time":"2022-05-04T15:58:03+00:00","og_image":[{"url":"https:\/\/caefs.ca\/wp-content\/uploads\/2022\/05\/Elizabeth-Fry-Week-2022-Schedule-of-Events-1024x1024.png","type":"","width":"","height":""}],"author":"Jackie Omstead","twitter_card":"summary_large_image","twitter_misc":{"\u00c9crit par":"Jackie Omstead","Dur\u00e9e de lecture estim\u00e9e":"2 minutes"},"schema":{"@context":"https:\/\/schema.org","@graph":[{"@type":"Article","@id":"https:\/\/caefs.ca\/fr\/semaine-elizabeth-fry-2022-sentence-vie\/#article","isPartOf":{"@id":"https:\/\/caefs.ca\/fr\/semaine-elizabeth-fry-2022-sentence-vie\/"},"author":{"name":"Jackie Omstead","@id":"https:\/\/caefs.ca\/fr\/#\/schema\/person\/cecc86ff46fdc00e6e6714d7e5a33959"},"headline":"Semaine Elizabeth Fry 2022 : Sentence vie","datePublished":"2022-04-27T21:43:57+00:00","dateModified":"2022-05-04T15:58:03+00:00","mainEntityOfPage":{"@id":"https:\/\/caefs.ca\/fr\/semaine-elizabeth-fry-2022-sentence-vie\/"},"wordCount":289,"image":{"@id":"https:\/\/caefs.ca\/fr\/semaine-elizabeth-fry-2022-sentence-vie\/#primaryimage"},"thumbnailUrl":"https:\/\/caefs.ca\/wp-content\/uploads\/2022\/05\/Elizabeth-Fry-Week-2022-Schedule-of-Events-1024x1024.png","articleSection":["Non classifi\u00e9(e)"],"inLanguage":"fr-FR"},{"@type":"WebPage","@id":"https:\/\/caefs.ca\/fr\/semaine-elizabeth-fry-2022-sentence-vie\/","url":"https:\/\/caefs.ca\/fr\/semaine-elizabeth-fry-2022-sentence-vie\/","name":"Semaine Elizabeth Fry 2022 : Sentence vie - ACSEF","isPartOf":{"@id":"https:\/\/caefs.ca\/fr\/#website"},"primaryImageOfPage":{"@id":"https:\/\/caefs.ca\/fr\/semaine-elizabeth-fry-2022-sentence-vie\/#primaryimage"},"image":{"@id":"https:\/\/caefs.ca\/fr\/semaine-elizabeth-fry-2022-sentence-vie\/#primaryimage"},"thumbnailUrl":"https:\/\/caefs.ca\/wp-content\/uploads\/2022\/05\/Elizabeth-Fry-Week-2022-Schedule-of-Events-1024x1024.png","datePublished":"2022-04-27T21:43:57+00:00","dateModified":"2022-05-04T15:58:03+00:00","author":{"@id":"https:\/\/caefs.ca\/fr\/#\/schema\/person\/cecc86ff46fdc00e6e6714d7e5a33959"},"breadcrumb":{"@id":"https:\/\/caefs.ca\/fr\/semaine-elizabeth-fry-2022-sentence-vie\/#breadcrumb"},"inLanguage":"fr-FR","potentialAction":[{"@type":"ReadAction","target":["https:\/\/caefs.ca\/fr\/semaine-elizabeth-fry-2022-sentence-vie\/"]}]},{"@type":"ImageObject","inLanguage":"fr-FR","@id":"https:\/\/caefs.ca\/fr\/semaine-elizabeth-fry-2022-sentence-vie\/#primaryimage","url":"https:\/\/caefs.ca\/wp-content\/uploads\/2022\/05\/Elizabeth-Fry-Week-2022-Schedule-of-Events-1024x1024.png","contentUrl":"https:\/\/caefs.ca\/wp-content\/uploads\/2022\/05\/Elizabeth-Fry-Week-2022-Schedule-of-Events-1024x1024.png"},{"@type":"BreadcrumbList","@id":"https:\/\/caefs.ca\/fr\/semaine-elizabeth-fry-2022-sentence-vie\/#breadcrumb","itemListElement":[{"@type":"ListItem","position":1,"name":"Accueil","item":"https:\/\/caefs.ca\/fr\/"},{"@type":"ListItem","position":2,"name":"Semaine Elizabeth Fry 2022 : Sentence vie"}]},{"@type":"WebSite","@id":"https:\/\/caefs.ca\/fr\/#website","url":"https:\/\/caefs.ca\/fr\/","name":"ACSEF","description":"Just another WordPress site","potentialAction":[{"@type":"SearchAction","target":{"@type":"EntryPoint","urlTemplate":"https:\/\/caefs.ca\/fr\/?s={search_term_string}"},"query-input":{"@type":"PropertyValueSpecification","valueRequired":true,"valueName":"search_term_string"}}],"inLanguage":"fr-FR"},{"@type":"Person","@id":"https:\/\/caefs.ca\/fr\/#\/schema\/person\/cecc86ff46fdc00e6e6714d7e5a33959","name":"Jackie Omstead","image":{"@type":"ImageObject","inLanguage":"fr-FR","@id":"https:\/\/secure.gravatar.com\/avatar\/f26bb669201f2fad39efad2d8e364bea14b17296d05c0ac31301c8a4688ff2ce?s=96&d=mm&r=g","url":"https:\/\/secure.gravatar.com\/avatar\/f26bb669201f2fad39efad2d8e364bea14b17296d05c0ac31301c8a4688ff2ce?s=96&d=mm&r=g","contentUrl":"https:\/\/secure.gravatar.com\/avatar\/f26bb669201f2fad39efad2d8e364bea14b17296d05c0ac31301c8a4688ff2ce?s=96&d=mm&r=g","caption":"Jackie Omstead"},"url":"https:\/\/caefs.ca\/fr\/author\/jomstead\/"}]}},"_links":{"self":[{"href":"https:\/\/caefs.ca\/fr\/wp-json\/wp\/v2\/posts\/4515","targetHints":{"allow":["GET"]}}],"collection":[{"href":"https:\/\/caefs.ca\/fr\/wp-json\/wp\/v2\/posts"}],"about":[{"href":"https:\/\/caefs.ca\/fr\/wp-json\/wp\/v2\/types\/post"}],"author":[{"embeddable":true,"href":"https:\/\/caefs.ca\/fr\/wp-json\/wp\/v2\/users\/3"}],"replies":[{"embeddable":true,"href":"https:\/\/caefs.ca\/fr\/wp-json\/wp\/v2\/comments?post=4515"}],"version-history":[{"count":5,"href":"https:\/\/caefs.ca\/fr\/wp-json\/wp\/v2\/posts\/4515\/revisions"}],"predecessor-version":[{"id":4604,"href":"https:\/\/caefs.ca\/fr\/wp-json\/wp\/v2\/posts\/4515\/revisions\/4604"}],"wp:attachment":[{"href":"https:\/\/caefs.ca\/fr\/wp-json\/wp\/v2\/media?parent=4515"}],"wp:term":[{"taxonomy":"category","embeddable":true,"href":"https:\/\/caefs.ca\/fr\/wp-json\/wp\/v2\/category?post=4515"},{"taxonomy":"post_tag","embeddable":true,"href":"https:\/\/caefs.ca\/fr\/wp-json\/wp\/v2\/tags?post=4515"}],"curies":[{"name":"wp","href":"https:\/\/api.w.org\/{rel}","templated":true}]}}