{"id":4773,"date":"2022-05-06T12:30:00","date_gmt":"2022-05-06T16:30:00","guid":{"rendered":"https:\/\/caefs.ca\/?p=4773"},"modified":"2022-05-06T12:57:01","modified_gmt":"2022-05-06T16:57:01","slug":"semaine-elizabeth-fry-2022-jour-5%ef%bf%bc","status":"publish","type":"post","link":"https:\/\/caefs.ca\/fr\/semaine-elizabeth-fry-2022-jour-5%ef%bf%bc\/","title":{"rendered":"Semaine Elizabeth Fry\u00a02022\u00a0: jour\u00a05"},"content":{"rendered":"\n<p>Il est difficile de trouver les mots pour rendre justice \u00e0 la force et \u00e0 la g\u00e9n\u00e9rosit\u00e9 de toutes les personnes qui ont racont\u00e9 leur histoire au cours de cette semaine. Comme nous l\u2019avons mentionn\u00e9 \u00e0 chacune de nos discussions publiques, il est tr\u00e8s important d\u2019\u00e9couter et d\u2019\u00eatre t\u00e9moin, mais cela vient \u00e9galement avec une grande responsabilit\u00e9. Toutes les conversations que nous organisons cette semaine alimenteront nos futurs travaux et nos ressources en mati\u00e8re de d\u00e9fense des droits, et nous remercions donc les personnes participantes de contribuer \u00e0 la Semaine Elizabeth&nbsp;Fry et \u00e0 ces discussions essentielles.&nbsp;Voici ce que nous avons pr\u00e9vu pour vous aujourd\u2019hui&nbsp;:<\/p>\n\n\n\n<div style=\"height:100px\" aria-hidden=\"true\" class=\"wp-block-spacer\"><\/div>\n\n\n\n<h2 class=\"wp-block-heading\"><strong><strong>\u00ab&nbsp;Sentence vie&nbsp;\u00bb&nbsp;: les cons\u00e9quences des condamnations \u00e0 perp\u00e9tuit\u00e9 sur les familles et les communaut\u00e9s (aujourd\u2019hui de 17&nbsp;h \u00e0 18&nbsp;h&nbsp;30 HAE)<\/strong><\/strong><\/h2>\n\n\n\n<h2 class=\"wp-block-heading\"><strong>&nbsp;<\/strong><\/h2>\n\n\n\n<figure class=\"wp-block-image size-large\"><img loading=\"lazy\" decoding=\"async\" width=\"1024\" height=\"512\" src=\"https:\/\/caefs.ca\/wp-content\/uploads\/2022\/05\/7-1024x512.png\" alt=\"\" class=\"wp-image-4743\" srcset=\"https:\/\/caefs.ca\/wp-content\/uploads\/2022\/05\/7-1024x512.png 1024w, https:\/\/caefs.ca\/wp-content\/uploads\/2022\/05\/7-300x150.png 300w, https:\/\/caefs.ca\/wp-content\/uploads\/2022\/05\/7-768x384.png 768w, https:\/\/caefs.ca\/wp-content\/uploads\/2022\/05\/7-1536x768.png 1536w, https:\/\/caefs.ca\/wp-content\/uploads\/2022\/05\/7-2048x1024.png 2048w, https:\/\/caefs.ca\/wp-content\/uploads\/2022\/05\/7-1600x800.png 1600w, https:\/\/caefs.ca\/wp-content\/uploads\/2022\/05\/7-400x200.png 400w\" sizes=\"auto, (max-width: 1024px) 100vw, 1024px\" \/><\/figure>\n\n\n\n<p>Cette discussion se penchera sur l\u2019\u00e9thique et les cons\u00e9quences des condamnations \u00e0 perp\u00e9tuit\u00e9, en particulier sur les familles et les communaut\u00e9s. Nous \u00e9voquerons l\u2019importance de maintenir le contact avec la famille et la communaut\u00e9 pendant et apr\u00e8s l\u2019incarc\u00e9ration, ainsi que les nombreuses raisons pour lesquelles les peines d\u2019emprisonnement \u00e0 vie perturbent de mani\u00e8re permanente les contacts, les liens et la proximit\u00e9 avec la famille et la communaut\u00e9. Conf\u00e9renci\u00e8res&nbsp;: Shelly Williams, Wendi Lamirande, Idil Abdillahi et Sheri Pranteau. Une discussion anim\u00e9e par des membres de l\u2019\u00e9quipe de l\u2019ACSEF. Nous remercions la travailleuse de soutien Vicky&nbsp;Boldo de se joindre \u00e0 cette discussion et de nous offrir son soutien.<\/p>\n\n\n\n<p>Une traduction simultan\u00e9e en fran\u00e7ais et un sous-titrage automatique en anglais seront propos\u00e9s.<\/p>\n\n\n\n<div class=\"wp-block-buttons is-layout-flex wp-block-buttons-is-layout-flex\">\n<div class=\"wp-block-button\"><a class=\"wp-block-button__link\" href=\"https:\/\/www.eventbrite.com\/e\/doing-life-the-impact-of-life-sentences-on-family-and-community-tickets-324124654567\" target=\"_blank\" rel=\"noreferrer noopener\">Inscrivez-vous ici!<\/a><\/div>\n<\/div>\n\n\n\n<div style=\"height:100px\" aria-hidden=\"true\" class=\"wp-block-spacer\"><\/div>\n\n\n\n<h2 class=\"wp-block-heading\"><strong>Mythe ou r\u00e9alit\u00e9?<\/strong><\/h2>\n\n\n\n<p>Aujourd\u2019hui, notre question \u00ab\u00a0Mythe ou r\u00e9alit\u00e9?\u00a0\u00bb porte sur le processus intrusif et restrictif impos\u00e9 aux personnes condamn\u00e9es \u00e0 perp\u00e9tuit\u00e9 qui essayent de maintenir les liens avec leur famille et leur communaut\u00e9 pendant leur lib\u00e9ration conditionnelle.<\/p>\n\n\n\n<figure class=\"wp-block-gallery has-nested-images columns-default is-cropped wp-block-gallery-1 is-layout-flex wp-block-gallery-is-layout-flex\">\n<figure class=\"wp-block-image size-large\"><img loading=\"lazy\" decoding=\"async\" width=\"1080\" height=\"1080\" data-id=\"4781\" src=\"https:\/\/caefs.ca\/wp-content\/uploads\/2022\/05\/4-6.png\" alt=\"\" class=\"wp-image-4781\" srcset=\"https:\/\/caefs.ca\/wp-content\/uploads\/2022\/05\/4-6.png 1080w, https:\/\/caefs.ca\/wp-content\/uploads\/2022\/05\/4-6-300x300.png 300w, https:\/\/caefs.ca\/wp-content\/uploads\/2022\/05\/4-6-1024x1024.png 1024w, https:\/\/caefs.ca\/wp-content\/uploads\/2022\/05\/4-6-150x150.png 150w, https:\/\/caefs.ca\/wp-content\/uploads\/2022\/05\/4-6-768x768.png 768w, https:\/\/caefs.ca\/wp-content\/uploads\/2022\/05\/4-6-400x400.png 400w\" sizes=\"auto, (max-width: 1080px) 100vw, 1080px\" \/><\/figure>\n\n\n\n<figure class=\"wp-block-image size-large\"><img loading=\"lazy\" decoding=\"async\" width=\"1080\" height=\"1080\" data-id=\"4783\" src=\"https:\/\/caefs.ca\/wp-content\/uploads\/2022\/05\/5-6.png\" alt=\"\" class=\"wp-image-4783\" srcset=\"https:\/\/caefs.ca\/wp-content\/uploads\/2022\/05\/5-6.png 1080w, https:\/\/caefs.ca\/wp-content\/uploads\/2022\/05\/5-6-300x300.png 300w, https:\/\/caefs.ca\/wp-content\/uploads\/2022\/05\/5-6-1024x1024.png 1024w, https:\/\/caefs.ca\/wp-content\/uploads\/2022\/05\/5-6-150x150.png 150w, https:\/\/caefs.ca\/wp-content\/uploads\/2022\/05\/5-6-768x768.png 768w, https:\/\/caefs.ca\/wp-content\/uploads\/2022\/05\/5-6-400x400.png 400w\" sizes=\"auto, (max-width: 1080px) 100vw, 1080px\" \/><\/figure>\n\n\n\n<figure class=\"wp-block-image size-large\"><img loading=\"lazy\" decoding=\"async\" width=\"1080\" height=\"1080\" data-id=\"4785\" src=\"https:\/\/caefs.ca\/wp-content\/uploads\/2022\/05\/6-5.png\" alt=\"\" class=\"wp-image-4785\" srcset=\"https:\/\/caefs.ca\/wp-content\/uploads\/2022\/05\/6-5.png 1080w, https:\/\/caefs.ca\/wp-content\/uploads\/2022\/05\/6-5-300x300.png 300w, https:\/\/caefs.ca\/wp-content\/uploads\/2022\/05\/6-5-1024x1024.png 1024w, https:\/\/caefs.ca\/wp-content\/uploads\/2022\/05\/6-5-150x150.png 150w, https:\/\/caefs.ca\/wp-content\/uploads\/2022\/05\/6-5-768x768.png 768w, https:\/\/caefs.ca\/wp-content\/uploads\/2022\/05\/6-5-400x400.png 400w\" sizes=\"auto, (max-width: 1080px) 100vw, 1080px\" \/><\/figure>\n<\/figure>\n","protected":false},"excerpt":{"rendered":"<p>Il est difficile de trouver les mots pour rendre justice \u00e0 la force et \u00e0 la g\u00e9n\u00e9rosit\u00e9 de toutes les personnes qui ont racont\u00e9 leur histoire au cours de cette [&hellip;]<\/p>\n","protected":false},"author":3,"featured_media":0,"comment_status":"closed","ping_status":"closed","sticky":false,"template":"","format":"standard","meta":{"_acf_changed":false,"om_disable_all_campaigns":false,"_monsterinsights_skip_tracking":false,"_monsterinsights_sitenote_active":false,"_monsterinsights_sitenote_note":"","_monsterinsights_sitenote_category":0,"footnotes":""},"category":[8],"tags":[],"class_list":["post-4773","post","type-post","status-publish","format-standard","hentry","category-non-classifiee"],"acf":[],"aioseo_notices":[],"yoast_head":"<!-- This site is optimized with the Yoast SEO plugin v27.4 - https:\/\/yoast.com\/product\/yoast-seo-wordpress\/ -->\n<title>Semaine Elizabeth Fry\u00a02022\u00a0: jour\u00a05 - ACSEF<\/title>\n<meta name=\"robots\" content=\"index, follow, max-snippet:-1, max-image-preview:large, max-video-preview:-1\" \/>\n<link rel=\"canonical\" href=\"https:\/\/caefs.ca\/fr\/semaine-elizabeth-fry-2022-jour-5%ef%bf%bc\/\" \/>\n<meta property=\"og:locale\" content=\"fr_FR\" \/>\n<meta property=\"og:type\" content=\"article\" \/>\n<meta property=\"og:title\" content=\"Semaine Elizabeth Fry\u00a02022\u00a0: jour\u00a05 - ACSEF\" \/>\n<meta property=\"og:description\" content=\"Il est difficile de trouver les mots pour rendre justice \u00e0 la force et \u00e0 la g\u00e9n\u00e9rosit\u00e9 de toutes les personnes qui ont racont\u00e9 leur histoire au cours de cette [&hellip;]\" \/>\n<meta property=\"og:url\" content=\"https:\/\/caefs.ca\/fr\/semaine-elizabeth-fry-2022-jour-5%ef%bf%bc\/\" \/>\n<meta property=\"og:site_name\" content=\"ACSEF\" \/>\n<meta property=\"article:published_time\" content=\"2022-05-06T16:30:00+00:00\" \/>\n<meta property=\"article:modified_time\" content=\"2022-05-06T16:57:01+00:00\" \/>\n<meta property=\"og:image\" content=\"https:\/\/caefs.ca\/wp-content\/uploads\/2022\/05\/7-1024x512.png\" \/>\n<meta name=\"author\" content=\"Jackie Omstead\" \/>\n<meta name=\"twitter:card\" content=\"summary_large_image\" \/>\n<meta name=\"twitter:label1\" content=\"\u00c9crit par\" \/>\n\t<meta name=\"twitter:data1\" content=\"Jackie Omstead\" \/>\n\t<meta name=\"twitter:label2\" content=\"Dur\u00e9e de lecture estim\u00e9e\" \/>\n\t<meta name=\"twitter:data2\" content=\"3 minutes\" \/>\n<script type=\"application\/ld+json\" class=\"yoast-schema-graph\">{\"@context\":\"https:\\\/\\\/schema.org\",\"@graph\":[{\"@type\":\"Article\",\"@id\":\"https:\\\/\\\/caefs.ca\\\/fr\\\/semaine-elizabeth-fry-2022-jour-5%ef%bf%bc\\\/#article\",\"isPartOf\":{\"@id\":\"https:\\\/\\\/caefs.ca\\\/fr\\\/semaine-elizabeth-fry-2022-jour-5%ef%bf%bc\\\/\"},\"author\":{\"name\":\"Jackie Omstead\",\"@id\":\"https:\\\/\\\/caefs.ca\\\/fr\\\/#\\\/schema\\\/person\\\/cecc86ff46fdc00e6e6714d7e5a33959\"},\"headline\":\"Semaine Elizabeth Fry\u00a02022\u00a0: jour\u00a05\",\"datePublished\":\"2022-05-06T16:30:00+00:00\",\"dateModified\":\"2022-05-06T16:57:01+00:00\",\"mainEntityOfPage\":{\"@id\":\"https:\\\/\\\/caefs.ca\\\/fr\\\/semaine-elizabeth-fry-2022-jour-5%ef%bf%bc\\\/\"},\"wordCount\":330,\"image\":{\"@id\":\"https:\\\/\\\/caefs.ca\\\/fr\\\/semaine-elizabeth-fry-2022-jour-5%ef%bf%bc\\\/#primaryimage\"},\"thumbnailUrl\":\"https:\\\/\\\/caefs.ca\\\/wp-content\\\/uploads\\\/2022\\\/05\\\/7-1024x512.png\",\"articleSection\":[\"Non classifi\u00e9(e)\"],\"inLanguage\":\"fr-FR\"},{\"@type\":\"WebPage\",\"@id\":\"https:\\\/\\\/caefs.ca\\\/fr\\\/semaine-elizabeth-fry-2022-jour-5%ef%bf%bc\\\/\",\"url\":\"https:\\\/\\\/caefs.ca\\\/fr\\\/semaine-elizabeth-fry-2022-jour-5%ef%bf%bc\\\/\",\"name\":\"Semaine Elizabeth Fry\u00a02022\u00a0: jour\u00a05 - ACSEF\",\"isPartOf\":{\"@id\":\"https:\\\/\\\/caefs.ca\\\/fr\\\/#website\"},\"primaryImageOfPage\":{\"@id\":\"https:\\\/\\\/caefs.ca\\\/fr\\\/semaine-elizabeth-fry-2022-jour-5%ef%bf%bc\\\/#primaryimage\"},\"image\":{\"@id\":\"https:\\\/\\\/caefs.ca\\\/fr\\\/semaine-elizabeth-fry-2022-jour-5%ef%bf%bc\\\/#primaryimage\"},\"thumbnailUrl\":\"https:\\\/\\\/caefs.ca\\\/wp-content\\\/uploads\\\/2022\\\/05\\\/7-1024x512.png\",\"datePublished\":\"2022-05-06T16:30:00+00:00\",\"dateModified\":\"2022-05-06T16:57:01+00:00\",\"author\":{\"@id\":\"https:\\\/\\\/caefs.ca\\\/fr\\\/#\\\/schema\\\/person\\\/cecc86ff46fdc00e6e6714d7e5a33959\"},\"breadcrumb\":{\"@id\":\"https:\\\/\\\/caefs.ca\\\/fr\\\/semaine-elizabeth-fry-2022-jour-5%ef%bf%bc\\\/#breadcrumb\"},\"inLanguage\":\"fr-FR\",\"potentialAction\":[{\"@type\":\"ReadAction\",\"target\":[\"https:\\\/\\\/caefs.ca\\\/fr\\\/semaine-elizabeth-fry-2022-jour-5%ef%bf%bc\\\/\"]}]},{\"@type\":\"ImageObject\",\"inLanguage\":\"fr-FR\",\"@id\":\"https:\\\/\\\/caefs.ca\\\/fr\\\/semaine-elizabeth-fry-2022-jour-5%ef%bf%bc\\\/#primaryimage\",\"url\":\"https:\\\/\\\/caefs.ca\\\/wp-content\\\/uploads\\\/2022\\\/05\\\/7-1024x512.png\",\"contentUrl\":\"https:\\\/\\\/caefs.ca\\\/wp-content\\\/uploads\\\/2022\\\/05\\\/7-1024x512.png\"},{\"@type\":\"BreadcrumbList\",\"@id\":\"https:\\\/\\\/caefs.ca\\\/fr\\\/semaine-elizabeth-fry-2022-jour-5%ef%bf%bc\\\/#breadcrumb\",\"itemListElement\":[{\"@type\":\"ListItem\",\"position\":1,\"name\":\"Accueil\",\"item\":\"https:\\\/\\\/caefs.ca\\\/fr\\\/\"},{\"@type\":\"ListItem\",\"position\":2,\"name\":\"Semaine Elizabeth Fry\u00a02022\u00a0: jour\u00a05\"}]},{\"@type\":\"WebSite\",\"@id\":\"https:\\\/\\\/caefs.ca\\\/fr\\\/#website\",\"url\":\"https:\\\/\\\/caefs.ca\\\/fr\\\/\",\"name\":\"ACSEF\",\"description\":\"Just another WordPress site\",\"potentialAction\":[{\"@type\":\"SearchAction\",\"target\":{\"@type\":\"EntryPoint\",\"urlTemplate\":\"https:\\\/\\\/caefs.ca\\\/fr\\\/?s={search_term_string}\"},\"query-input\":{\"@type\":\"PropertyValueSpecification\",\"valueRequired\":true,\"valueName\":\"search_term_string\"}}],\"inLanguage\":\"fr-FR\"},{\"@type\":\"Person\",\"@id\":\"https:\\\/\\\/caefs.ca\\\/fr\\\/#\\\/schema\\\/person\\\/cecc86ff46fdc00e6e6714d7e5a33959\",\"name\":\"Jackie Omstead\",\"image\":{\"@type\":\"ImageObject\",\"inLanguage\":\"fr-FR\",\"@id\":\"https:\\\/\\\/secure.gravatar.com\\\/avatar\\\/f26bb669201f2fad39efad2d8e364bea14b17296d05c0ac31301c8a4688ff2ce?s=96&d=mm&r=g\",\"url\":\"https:\\\/\\\/secure.gravatar.com\\\/avatar\\\/f26bb669201f2fad39efad2d8e364bea14b17296d05c0ac31301c8a4688ff2ce?s=96&d=mm&r=g\",\"contentUrl\":\"https:\\\/\\\/secure.gravatar.com\\\/avatar\\\/f26bb669201f2fad39efad2d8e364bea14b17296d05c0ac31301c8a4688ff2ce?s=96&d=mm&r=g\",\"caption\":\"Jackie Omstead\"},\"url\":\"https:\\\/\\\/caefs.ca\\\/fr\\\/author\\\/jomstead\\\/\"}]}<\/script>\n<!-- \/ Yoast SEO plugin. -->","yoast_head_json":{"title":"Semaine Elizabeth Fry\u00a02022\u00a0: jour\u00a05 - ACSEF","robots":{"index":"index","follow":"follow","max-snippet":"max-snippet:-1","max-image-preview":"max-image-preview:large","max-video-preview":"max-video-preview:-1"},"canonical":"https:\/\/caefs.ca\/fr\/semaine-elizabeth-fry-2022-jour-5%ef%bf%bc\/","og_locale":"fr_FR","og_type":"article","og_title":"Semaine Elizabeth Fry\u00a02022\u00a0: jour\u00a05 - ACSEF","og_description":"Il est difficile de trouver les mots pour rendre justice \u00e0 la force et \u00e0 la g\u00e9n\u00e9rosit\u00e9 de toutes les personnes qui ont racont\u00e9 leur histoire au cours de cette [&hellip;]","og_url":"https:\/\/caefs.ca\/fr\/semaine-elizabeth-fry-2022-jour-5%ef%bf%bc\/","og_site_name":"ACSEF","article_published_time":"2022-05-06T16:30:00+00:00","article_modified_time":"2022-05-06T16:57:01+00:00","og_image":[{"url":"https:\/\/caefs.ca\/wp-content\/uploads\/2022\/05\/7-1024x512.png","type":"","width":"","height":""}],"author":"Jackie Omstead","twitter_card":"summary_large_image","twitter_misc":{"\u00c9crit par":"Jackie Omstead","Dur\u00e9e de lecture estim\u00e9e":"3 minutes"},"schema":{"@context":"https:\/\/schema.org","@graph":[{"@type":"Article","@id":"https:\/\/caefs.ca\/fr\/semaine-elizabeth-fry-2022-jour-5%ef%bf%bc\/#article","isPartOf":{"@id":"https:\/\/caefs.ca\/fr\/semaine-elizabeth-fry-2022-jour-5%ef%bf%bc\/"},"author":{"name":"Jackie Omstead","@id":"https:\/\/caefs.ca\/fr\/#\/schema\/person\/cecc86ff46fdc00e6e6714d7e5a33959"},"headline":"Semaine Elizabeth Fry\u00a02022\u00a0: jour\u00a05","datePublished":"2022-05-06T16:30:00+00:00","dateModified":"2022-05-06T16:57:01+00:00","mainEntityOfPage":{"@id":"https:\/\/caefs.ca\/fr\/semaine-elizabeth-fry-2022-jour-5%ef%bf%bc\/"},"wordCount":330,"image":{"@id":"https:\/\/caefs.ca\/fr\/semaine-elizabeth-fry-2022-jour-5%ef%bf%bc\/#primaryimage"},"thumbnailUrl":"https:\/\/caefs.ca\/wp-content\/uploads\/2022\/05\/7-1024x512.png","articleSection":["Non classifi\u00e9(e)"],"inLanguage":"fr-FR"},{"@type":"WebPage","@id":"https:\/\/caefs.ca\/fr\/semaine-elizabeth-fry-2022-jour-5%ef%bf%bc\/","url":"https:\/\/caefs.ca\/fr\/semaine-elizabeth-fry-2022-jour-5%ef%bf%bc\/","name":"Semaine Elizabeth Fry\u00a02022\u00a0: jour\u00a05 - ACSEF","isPartOf":{"@id":"https:\/\/caefs.ca\/fr\/#website"},"primaryImageOfPage":{"@id":"https:\/\/caefs.ca\/fr\/semaine-elizabeth-fry-2022-jour-5%ef%bf%bc\/#primaryimage"},"image":{"@id":"https:\/\/caefs.ca\/fr\/semaine-elizabeth-fry-2022-jour-5%ef%bf%bc\/#primaryimage"},"thumbnailUrl":"https:\/\/caefs.ca\/wp-content\/uploads\/2022\/05\/7-1024x512.png","datePublished":"2022-05-06T16:30:00+00:00","dateModified":"2022-05-06T16:57:01+00:00","author":{"@id":"https:\/\/caefs.ca\/fr\/#\/schema\/person\/cecc86ff46fdc00e6e6714d7e5a33959"},"breadcrumb":{"@id":"https:\/\/caefs.ca\/fr\/semaine-elizabeth-fry-2022-jour-5%ef%bf%bc\/#breadcrumb"},"inLanguage":"fr-FR","potentialAction":[{"@type":"ReadAction","target":["https:\/\/caefs.ca\/fr\/semaine-elizabeth-fry-2022-jour-5%ef%bf%bc\/"]}]},{"@type":"ImageObject","inLanguage":"fr-FR","@id":"https:\/\/caefs.ca\/fr\/semaine-elizabeth-fry-2022-jour-5%ef%bf%bc\/#primaryimage","url":"https:\/\/caefs.ca\/wp-content\/uploads\/2022\/05\/7-1024x512.png","contentUrl":"https:\/\/caefs.ca\/wp-content\/uploads\/2022\/05\/7-1024x512.png"},{"@type":"BreadcrumbList","@id":"https:\/\/caefs.ca\/fr\/semaine-elizabeth-fry-2022-jour-5%ef%bf%bc\/#breadcrumb","itemListElement":[{"@type":"ListItem","position":1,"name":"Accueil","item":"https:\/\/caefs.ca\/fr\/"},{"@type":"ListItem","position":2,"name":"Semaine Elizabeth Fry\u00a02022\u00a0: jour\u00a05"}]},{"@type":"WebSite","@id":"https:\/\/caefs.ca\/fr\/#website","url":"https:\/\/caefs.ca\/fr\/","name":"ACSEF","description":"Just another WordPress site","potentialAction":[{"@type":"SearchAction","target":{"@type":"EntryPoint","urlTemplate":"https:\/\/caefs.ca\/fr\/?s={search_term_string}"},"query-input":{"@type":"PropertyValueSpecification","valueRequired":true,"valueName":"search_term_string"}}],"inLanguage":"fr-FR"},{"@type":"Person","@id":"https:\/\/caefs.ca\/fr\/#\/schema\/person\/cecc86ff46fdc00e6e6714d7e5a33959","name":"Jackie Omstead","image":{"@type":"ImageObject","inLanguage":"fr-FR","@id":"https:\/\/secure.gravatar.com\/avatar\/f26bb669201f2fad39efad2d8e364bea14b17296d05c0ac31301c8a4688ff2ce?s=96&d=mm&r=g","url":"https:\/\/secure.gravatar.com\/avatar\/f26bb669201f2fad39efad2d8e364bea14b17296d05c0ac31301c8a4688ff2ce?s=96&d=mm&r=g","contentUrl":"https:\/\/secure.gravatar.com\/avatar\/f26bb669201f2fad39efad2d8e364bea14b17296d05c0ac31301c8a4688ff2ce?s=96&d=mm&r=g","caption":"Jackie Omstead"},"url":"https:\/\/caefs.ca\/fr\/author\/jomstead\/"}]}},"_links":{"self":[{"href":"https:\/\/caefs.ca\/fr\/wp-json\/wp\/v2\/posts\/4773","targetHints":{"allow":["GET"]}}],"collection":[{"href":"https:\/\/caefs.ca\/fr\/wp-json\/wp\/v2\/posts"}],"about":[{"href":"https:\/\/caefs.ca\/fr\/wp-json\/wp\/v2\/types\/post"}],"author":[{"embeddable":true,"href":"https:\/\/caefs.ca\/fr\/wp-json\/wp\/v2\/users\/3"}],"replies":[{"embeddable":true,"href":"https:\/\/caefs.ca\/fr\/wp-json\/wp\/v2\/comments?post=4773"}],"version-history":[{"count":7,"href":"https:\/\/caefs.ca\/fr\/wp-json\/wp\/v2\/posts\/4773\/revisions"}],"predecessor-version":[{"id":4789,"href":"https:\/\/caefs.ca\/fr\/wp-json\/wp\/v2\/posts\/4773\/revisions\/4789"}],"wp:attachment":[{"href":"https:\/\/caefs.ca\/fr\/wp-json\/wp\/v2\/media?parent=4773"}],"wp:term":[{"taxonomy":"category","embeddable":true,"href":"https:\/\/caefs.ca\/fr\/wp-json\/wp\/v2\/category?post=4773"},{"taxonomy":"post_tag","embeddable":true,"href":"https:\/\/caefs.ca\/fr\/wp-json\/wp\/v2\/tags?post=4773"}],"curies":[{"name":"wp","href":"https:\/\/api.w.org\/{rel}","templated":true}]}}