{"id":4995,"date":"2022-06-09T19:33:06","date_gmt":"2022-06-09T23:33:06","guid":{"rendered":"https:\/\/caefs.ca\/?p=4995"},"modified":"2022-06-10T10:10:28","modified_gmt":"2022-06-10T14:10:28","slug":"lettre-ouverte-projet-de-cameras-corporelles-de-la-grc","status":"publish","type":"post","link":"https:\/\/caefs.ca\/fr\/lettre-ouverte-projet-de-cameras-corporelles-de-la-grc\/","title":{"rendered":"Lettre ouverte : projet de cam\u00e9ras corporelles de la GRC"},"content":{"rendered":"\n<p>Aujourd\u2019hui, l\u2019Association canadienne des Soci\u00e9t\u00e9s Elizabeth&nbsp;Fry (ACSEF), le Black Legal&nbsp;Action Centre (BLAC) et le Fonds d\u2019action et d\u2019\u00e9ducation juridique pour les femmes (FAEJ) ont fait part de leurs pr\u00e9occupations au sujet du projet de cam\u00e9ras corporelles de la Gendarmerie royale du Canada (GRC) dans une lettre ouverte.<\/p>\n\n\n\n<p>Malgr\u00e9 les appels \u00e0 r\u00e9duire les budgets des services de police, \u00e0 investir directement dans les communaut\u00e9s et \u00e0 lutter contre le racisme syst\u00e9mique et d\u2019autres in\u00e9galit\u00e9s, et malgr\u00e9 le soutien public \u00e0 ces appels, la GRC a choisi d\u2019investir plus d\u2019argent dans les cam\u00e9ras corporelles. Notre lettre fait \u00e9tat de nos pr\u00e9occupations concernant la mise en \u0153uvre et l\u2019examen du projet de cam\u00e9ras corporelles. Lisez notre lettre ouverte ci-dessous&nbsp;:<\/p>\n\n\n<div id=\"files-block-block_62a236fb76c1c\" class=\"files-block \">\n                <div class=\"files\">\n                            <div class=\"file\">\n                    <span class=\"title\">Lettre ouverte \u00e0 la GRC sur son projet de cam\u00e9ras corporelles (anglais seulement) <\/span>\n                    <span class=\"size\">(644kB, PDF)<\/span>\n                    <a class=\"cta\" href=\"https:\/\/caefs.ca\/wp-content\/uploads\/2022\/06\/2022-06-09-Open-Letter-to-RCMP-Signed.pdf\" title=\"Lettre ouverte \u00e0 la GRC sur son projet de cam\u00e9ras corporelles (anglais seulement) \" target=\"_blank\">\n                        T\u00e9l\u00e9charger<i class=\"icon icon-download\"><\/i>\n                    <\/a>\n                <\/div>\n                    <\/div>\n    <\/div>\n","protected":false},"excerpt":{"rendered":"<p>Aujourd\u2019hui, l\u2019Association canadienne des Soci\u00e9t\u00e9s Elizabeth&nbsp;Fry (ACSEF), le Black Legal&nbsp;Action Centre (BLAC) et le Fonds d\u2019action et d\u2019\u00e9ducation juridique pour les femmes (FAEJ) ont fait part de leurs pr\u00e9occupations au [&hellip;]<\/p>\n","protected":false},"author":3,"featured_media":0,"comment_status":"closed","ping_status":"closed","sticky":false,"template":"","format":"standard","meta":{"_acf_changed":false,"om_disable_all_campaigns":false,"_monsterinsights_skip_tracking":false,"_monsterinsights_sitenote_active":false,"_monsterinsights_sitenote_note":"","_monsterinsights_sitenote_category":0,"footnotes":""},"category":[8],"tags":[],"class_list":["post-4995","post","type-post","status-publish","format-standard","hentry","category-non-classifiee"],"acf":[],"aioseo_notices":[],"yoast_head":"<!-- This site is optimized with the Yoast SEO plugin v27.4 - https:\/\/yoast.com\/product\/yoast-seo-wordpress\/ -->\n<title>Lettre ouverte : projet de cam\u00e9ras corporelles de la GRC - ACSEF<\/title>\n<meta name=\"robots\" content=\"index, follow, max-snippet:-1, max-image-preview:large, max-video-preview:-1\" \/>\n<link rel=\"canonical\" href=\"https:\/\/caefs.ca\/fr\/lettre-ouverte-projet-de-cameras-corporelles-de-la-grc\/\" \/>\n<meta property=\"og:locale\" content=\"fr_FR\" \/>\n<meta property=\"og:type\" content=\"article\" \/>\n<meta property=\"og:title\" content=\"Lettre ouverte : projet de cam\u00e9ras corporelles de la GRC - ACSEF\" \/>\n<meta property=\"og:description\" content=\"Aujourd\u2019hui, l\u2019Association canadienne des Soci\u00e9t\u00e9s Elizabeth&nbsp;Fry (ACSEF), le Black Legal&nbsp;Action Centre (BLAC) et le Fonds d\u2019action et d\u2019\u00e9ducation juridique pour les femmes (FAEJ) ont fait part de leurs pr\u00e9occupations au [&hellip;]\" \/>\n<meta property=\"og:url\" content=\"https:\/\/caefs.ca\/fr\/lettre-ouverte-projet-de-cameras-corporelles-de-la-grc\/\" \/>\n<meta property=\"og:site_name\" content=\"ACSEF\" \/>\n<meta property=\"article:published_time\" content=\"2022-06-09T23:33:06+00:00\" \/>\n<meta property=\"article:modified_time\" content=\"2022-06-10T14:10:28+00:00\" \/>\n<meta name=\"author\" content=\"Jackie Omstead\" \/>\n<meta name=\"twitter:card\" content=\"summary_large_image\" \/>\n<meta name=\"twitter:label1\" content=\"\u00c9crit par\" \/>\n\t<meta name=\"twitter:data1\" content=\"Jackie Omstead\" \/>\n\t<meta name=\"twitter:label2\" content=\"Dur\u00e9e de lecture estim\u00e9e\" \/>\n\t<meta name=\"twitter:data2\" content=\"1 minute\" \/>\n<script type=\"application\/ld+json\" class=\"yoast-schema-graph\">{\"@context\":\"https:\\\/\\\/schema.org\",\"@graph\":[{\"@type\":\"Article\",\"@id\":\"https:\\\/\\\/caefs.ca\\\/fr\\\/lettre-ouverte-projet-de-cameras-corporelles-de-la-grc\\\/#article\",\"isPartOf\":{\"@id\":\"https:\\\/\\\/caefs.ca\\\/fr\\\/lettre-ouverte-projet-de-cameras-corporelles-de-la-grc\\\/\"},\"author\":{\"name\":\"Jackie Omstead\",\"@id\":\"https:\\\/\\\/caefs.ca\\\/fr\\\/#\\\/schema\\\/person\\\/cecc86ff46fdc00e6e6714d7e5a33959\"},\"headline\":\"Lettre ouverte : projet de cam\u00e9ras corporelles de la GRC\",\"datePublished\":\"2022-06-09T23:33:06+00:00\",\"dateModified\":\"2022-06-10T14:10:28+00:00\",\"mainEntityOfPage\":{\"@id\":\"https:\\\/\\\/caefs.ca\\\/fr\\\/lettre-ouverte-projet-de-cameras-corporelles-de-la-grc\\\/\"},\"wordCount\":148,\"articleSection\":[\"Non classifi\u00e9(e)\"],\"inLanguage\":\"fr-FR\"},{\"@type\":\"WebPage\",\"@id\":\"https:\\\/\\\/caefs.ca\\\/fr\\\/lettre-ouverte-projet-de-cameras-corporelles-de-la-grc\\\/\",\"url\":\"https:\\\/\\\/caefs.ca\\\/fr\\\/lettre-ouverte-projet-de-cameras-corporelles-de-la-grc\\\/\",\"name\":\"Lettre ouverte : projet de cam\u00e9ras corporelles de la GRC - ACSEF\",\"isPartOf\":{\"@id\":\"https:\\\/\\\/caefs.ca\\\/fr\\\/#website\"},\"datePublished\":\"2022-06-09T23:33:06+00:00\",\"dateModified\":\"2022-06-10T14:10:28+00:00\",\"author\":{\"@id\":\"https:\\\/\\\/caefs.ca\\\/fr\\\/#\\\/schema\\\/person\\\/cecc86ff46fdc00e6e6714d7e5a33959\"},\"breadcrumb\":{\"@id\":\"https:\\\/\\\/caefs.ca\\\/fr\\\/lettre-ouverte-projet-de-cameras-corporelles-de-la-grc\\\/#breadcrumb\"},\"inLanguage\":\"fr-FR\",\"potentialAction\":[{\"@type\":\"ReadAction\",\"target\":[\"https:\\\/\\\/caefs.ca\\\/fr\\\/lettre-ouverte-projet-de-cameras-corporelles-de-la-grc\\\/\"]}]},{\"@type\":\"BreadcrumbList\",\"@id\":\"https:\\\/\\\/caefs.ca\\\/fr\\\/lettre-ouverte-projet-de-cameras-corporelles-de-la-grc\\\/#breadcrumb\",\"itemListElement\":[{\"@type\":\"ListItem\",\"position\":1,\"name\":\"Accueil\",\"item\":\"https:\\\/\\\/caefs.ca\\\/fr\\\/\"},{\"@type\":\"ListItem\",\"position\":2,\"name\":\"Lettre ouverte : projet de cam\u00e9ras corporelles de la GRC\"}]},{\"@type\":\"WebSite\",\"@id\":\"https:\\\/\\\/caefs.ca\\\/fr\\\/#website\",\"url\":\"https:\\\/\\\/caefs.ca\\\/fr\\\/\",\"name\":\"ACSEF\",\"description\":\"Just another WordPress site\",\"potentialAction\":[{\"@type\":\"SearchAction\",\"target\":{\"@type\":\"EntryPoint\",\"urlTemplate\":\"https:\\\/\\\/caefs.ca\\\/fr\\\/?s={search_term_string}\"},\"query-input\":{\"@type\":\"PropertyValueSpecification\",\"valueRequired\":true,\"valueName\":\"search_term_string\"}}],\"inLanguage\":\"fr-FR\"},{\"@type\":\"Person\",\"@id\":\"https:\\\/\\\/caefs.ca\\\/fr\\\/#\\\/schema\\\/person\\\/cecc86ff46fdc00e6e6714d7e5a33959\",\"name\":\"Jackie Omstead\",\"image\":{\"@type\":\"ImageObject\",\"inLanguage\":\"fr-FR\",\"@id\":\"https:\\\/\\\/secure.gravatar.com\\\/avatar\\\/f26bb669201f2fad39efad2d8e364bea14b17296d05c0ac31301c8a4688ff2ce?s=96&d=mm&r=g\",\"url\":\"https:\\\/\\\/secure.gravatar.com\\\/avatar\\\/f26bb669201f2fad39efad2d8e364bea14b17296d05c0ac31301c8a4688ff2ce?s=96&d=mm&r=g\",\"contentUrl\":\"https:\\\/\\\/secure.gravatar.com\\\/avatar\\\/f26bb669201f2fad39efad2d8e364bea14b17296d05c0ac31301c8a4688ff2ce?s=96&d=mm&r=g\",\"caption\":\"Jackie Omstead\"},\"url\":\"https:\\\/\\\/caefs.ca\\\/fr\\\/author\\\/jomstead\\\/\"}]}<\/script>\n<!-- \/ Yoast SEO plugin. -->","yoast_head_json":{"title":"Lettre ouverte : projet de cam\u00e9ras corporelles de la GRC - ACSEF","robots":{"index":"index","follow":"follow","max-snippet":"max-snippet:-1","max-image-preview":"max-image-preview:large","max-video-preview":"max-video-preview:-1"},"canonical":"https:\/\/caefs.ca\/fr\/lettre-ouverte-projet-de-cameras-corporelles-de-la-grc\/","og_locale":"fr_FR","og_type":"article","og_title":"Lettre ouverte : projet de cam\u00e9ras corporelles de la GRC - ACSEF","og_description":"Aujourd\u2019hui, l\u2019Association canadienne des Soci\u00e9t\u00e9s Elizabeth&nbsp;Fry (ACSEF), le Black Legal&nbsp;Action Centre (BLAC) et le Fonds d\u2019action et d\u2019\u00e9ducation juridique pour les femmes (FAEJ) ont fait part de leurs pr\u00e9occupations au [&hellip;]","og_url":"https:\/\/caefs.ca\/fr\/lettre-ouverte-projet-de-cameras-corporelles-de-la-grc\/","og_site_name":"ACSEF","article_published_time":"2022-06-09T23:33:06+00:00","article_modified_time":"2022-06-10T14:10:28+00:00","author":"Jackie Omstead","twitter_card":"summary_large_image","twitter_misc":{"\u00c9crit par":"Jackie Omstead","Dur\u00e9e de lecture estim\u00e9e":"1 minute"},"schema":{"@context":"https:\/\/schema.org","@graph":[{"@type":"Article","@id":"https:\/\/caefs.ca\/fr\/lettre-ouverte-projet-de-cameras-corporelles-de-la-grc\/#article","isPartOf":{"@id":"https:\/\/caefs.ca\/fr\/lettre-ouverte-projet-de-cameras-corporelles-de-la-grc\/"},"author":{"name":"Jackie Omstead","@id":"https:\/\/caefs.ca\/fr\/#\/schema\/person\/cecc86ff46fdc00e6e6714d7e5a33959"},"headline":"Lettre ouverte : projet de cam\u00e9ras corporelles de la GRC","datePublished":"2022-06-09T23:33:06+00:00","dateModified":"2022-06-10T14:10:28+00:00","mainEntityOfPage":{"@id":"https:\/\/caefs.ca\/fr\/lettre-ouverte-projet-de-cameras-corporelles-de-la-grc\/"},"wordCount":148,"articleSection":["Non classifi\u00e9(e)"],"inLanguage":"fr-FR"},{"@type":"WebPage","@id":"https:\/\/caefs.ca\/fr\/lettre-ouverte-projet-de-cameras-corporelles-de-la-grc\/","url":"https:\/\/caefs.ca\/fr\/lettre-ouverte-projet-de-cameras-corporelles-de-la-grc\/","name":"Lettre ouverte : projet de cam\u00e9ras corporelles de la GRC - ACSEF","isPartOf":{"@id":"https:\/\/caefs.ca\/fr\/#website"},"datePublished":"2022-06-09T23:33:06+00:00","dateModified":"2022-06-10T14:10:28+00:00","author":{"@id":"https:\/\/caefs.ca\/fr\/#\/schema\/person\/cecc86ff46fdc00e6e6714d7e5a33959"},"breadcrumb":{"@id":"https:\/\/caefs.ca\/fr\/lettre-ouverte-projet-de-cameras-corporelles-de-la-grc\/#breadcrumb"},"inLanguage":"fr-FR","potentialAction":[{"@type":"ReadAction","target":["https:\/\/caefs.ca\/fr\/lettre-ouverte-projet-de-cameras-corporelles-de-la-grc\/"]}]},{"@type":"BreadcrumbList","@id":"https:\/\/caefs.ca\/fr\/lettre-ouverte-projet-de-cameras-corporelles-de-la-grc\/#breadcrumb","itemListElement":[{"@type":"ListItem","position":1,"name":"Accueil","item":"https:\/\/caefs.ca\/fr\/"},{"@type":"ListItem","position":2,"name":"Lettre ouverte : projet de cam\u00e9ras corporelles de la GRC"}]},{"@type":"WebSite","@id":"https:\/\/caefs.ca\/fr\/#website","url":"https:\/\/caefs.ca\/fr\/","name":"ACSEF","description":"Just another WordPress site","potentialAction":[{"@type":"SearchAction","target":{"@type":"EntryPoint","urlTemplate":"https:\/\/caefs.ca\/fr\/?s={search_term_string}"},"query-input":{"@type":"PropertyValueSpecification","valueRequired":true,"valueName":"search_term_string"}}],"inLanguage":"fr-FR"},{"@type":"Person","@id":"https:\/\/caefs.ca\/fr\/#\/schema\/person\/cecc86ff46fdc00e6e6714d7e5a33959","name":"Jackie Omstead","image":{"@type":"ImageObject","inLanguage":"fr-FR","@id":"https:\/\/secure.gravatar.com\/avatar\/f26bb669201f2fad39efad2d8e364bea14b17296d05c0ac31301c8a4688ff2ce?s=96&d=mm&r=g","url":"https:\/\/secure.gravatar.com\/avatar\/f26bb669201f2fad39efad2d8e364bea14b17296d05c0ac31301c8a4688ff2ce?s=96&d=mm&r=g","contentUrl":"https:\/\/secure.gravatar.com\/avatar\/f26bb669201f2fad39efad2d8e364bea14b17296d05c0ac31301c8a4688ff2ce?s=96&d=mm&r=g","caption":"Jackie Omstead"},"url":"https:\/\/caefs.ca\/fr\/author\/jomstead\/"}]}},"_links":{"self":[{"href":"https:\/\/caefs.ca\/fr\/wp-json\/wp\/v2\/posts\/4995","targetHints":{"allow":["GET"]}}],"collection":[{"href":"https:\/\/caefs.ca\/fr\/wp-json\/wp\/v2\/posts"}],"about":[{"href":"https:\/\/caefs.ca\/fr\/wp-json\/wp\/v2\/types\/post"}],"author":[{"embeddable":true,"href":"https:\/\/caefs.ca\/fr\/wp-json\/wp\/v2\/users\/3"}],"replies":[{"embeddable":true,"href":"https:\/\/caefs.ca\/fr\/wp-json\/wp\/v2\/comments?post=4995"}],"version-history":[{"count":6,"href":"https:\/\/caefs.ca\/fr\/wp-json\/wp\/v2\/posts\/4995\/revisions"}],"predecessor-version":[{"id":5032,"href":"https:\/\/caefs.ca\/fr\/wp-json\/wp\/v2\/posts\/4995\/revisions\/5032"}],"wp:attachment":[{"href":"https:\/\/caefs.ca\/fr\/wp-json\/wp\/v2\/media?parent=4995"}],"wp:term":[{"taxonomy":"category","embeddable":true,"href":"https:\/\/caefs.ca\/fr\/wp-json\/wp\/v2\/category?post=4995"},{"taxonomy":"post_tag","embeddable":true,"href":"https:\/\/caefs.ca\/fr\/wp-json\/wp\/v2\/tags?post=4995"}],"curies":[{"name":"wp","href":"https:\/\/api.w.org\/{rel}","templated":true}]}}