{"id":5268,"date":"2022-09-26T12:48:23","date_gmt":"2022-09-26T16:48:23","guid":{"rendered":"https:\/\/caefs.ca\/sealing-criminal-records-of-marginalized-people-will-improve-many-lives\/"},"modified":"2022-09-26T13:00:18","modified_gmt":"2022-09-26T17:00:18","slug":"sealing-criminal-records-of-marginalized-people-will-improve-many-lives","status":"publish","type":"post","link":"https:\/\/caefs.ca\/fr\/sealing-criminal-records-of-marginalized-people-will-improve-many-lives\/","title":{"rendered":"La suppression des casiers judiciaires des personnes marginalis\u00e9es am\u00e9liorera de nombreuses vies"},"content":{"rendered":"\n<p>&lt;&lt; Nous devons mettre en place des syst\u00e8mes qui ne soumettent pas les membres de communaut\u00e9s d\u00e9j\u00e0 marginalis\u00e9es aux co\u00fbts incessants d&rsquo;un programme inefficace de lutte contre la criminalit\u00e9. Changer la loi r\u00e9gissant les casiers judiciaires, et nos propres attitudes personnelles envers ceux qui ont d\u00e9j\u00e0 eu affaire \u00e0 la justice, serait un grand pas dans la bonne direction. >><\/p>\n\n\n\n<p>Le samedi 24 septembre, le Toronto Star a publi\u00e9 un article d&rsquo;opinion d&rsquo;Emilie Coyle, directrice g\u00e9n\u00e9rale de l&rsquo;ACSEF, avec des contributions de <a href=\"https:\/\/pamelacross.ca\/\" target=\"_blank\" rel=\"noreferrer noopener\">Pamela Cross<\/a> and <a href=\"https:\/\/www.leaf.ca\/fr\/staff-list\/\" target=\"_blank\" rel=\"noreferrer noopener\">Pam Hrick<\/a>. Lisez leur analyse r\u00e9fl\u00e9chie sur ce que signifie la \u00ab\u00a0vraie s\u00e9curit\u00e9\u00a0\u00bb, les m\u00e9faits des processus actuels de suspension de casier et pourquoi nous devons changer la loi r\u00e9gissant les casiers judiciaires.<\/p>\n\n\n\n<div class=\"wp-block-buttons is-layout-flex wp-block-buttons-is-layout-flex\">\n<div class=\"wp-block-button\"><a class=\"wp-block-button__link\" href=\"https:\/\/www.thestar.com\/opinion\/contributors\/2022\/09\/24\/sealing-criminal-records-of-marginalized-people-will-improve-many-lives.html\" target=\"_blank\" rel=\"noreferrer noopener\">Lisez-le ici (en anglais seulement)<\/a><\/div>\n<\/div>\n\n\n\n<p><\/p>\n","protected":false},"excerpt":{"rendered":"<p>&lt;&lt; Nous devons mettre en place des syst\u00e8mes qui ne soumettent pas les membres de communaut\u00e9s d\u00e9j\u00e0 marginalis\u00e9es aux co\u00fbts incessants d&rsquo;un programme inefficace de lutte contre la criminalit\u00e9. Changer [&hellip;]<\/p>\n","protected":false},"author":3,"featured_media":0,"comment_status":"closed","ping_status":"closed","sticky":false,"template":"","format":"standard","meta":{"_acf_changed":false,"om_disable_all_campaigns":false,"_monsterinsights_skip_tracking":false,"_monsterinsights_sitenote_active":false,"_monsterinsights_sitenote_note":"","_monsterinsights_sitenote_category":0,"footnotes":""},"category":[8],"tags":[],"class_list":["post-5268","post","type-post","status-publish","format-standard","hentry","category-non-classifiee"],"acf":[],"aioseo_notices":[],"yoast_head":"<!-- This site is optimized with the Yoast SEO plugin v27.4 - https:\/\/yoast.com\/product\/yoast-seo-wordpress\/ -->\n<title>La suppression des casiers judiciaires des personnes marginalis\u00e9es am\u00e9liorera de nombreuses vies - ACSEF<\/title>\n<meta name=\"robots\" content=\"index, follow, max-snippet:-1, max-image-preview:large, max-video-preview:-1\" \/>\n<link rel=\"canonical\" href=\"https:\/\/caefs.ca\/fr\/sealing-criminal-records-of-marginalized-people-will-improve-many-lives\/\" \/>\n<meta property=\"og:locale\" content=\"fr_FR\" \/>\n<meta property=\"og:type\" content=\"article\" \/>\n<meta property=\"og:title\" content=\"La suppression des casiers judiciaires des personnes marginalis\u00e9es am\u00e9liorera de nombreuses vies - ACSEF\" \/>\n<meta property=\"og:description\" content=\"&lt;&lt; Nous devons mettre en place des syst\u00e8mes qui ne soumettent pas les membres de communaut\u00e9s d\u00e9j\u00e0 marginalis\u00e9es aux co\u00fbts incessants d&rsquo;un programme inefficace de lutte contre la criminalit\u00e9. Changer [&hellip;]\" \/>\n<meta property=\"og:url\" content=\"https:\/\/caefs.ca\/fr\/sealing-criminal-records-of-marginalized-people-will-improve-many-lives\/\" \/>\n<meta property=\"og:site_name\" content=\"ACSEF\" \/>\n<meta property=\"article:published_time\" content=\"2022-09-26T16:48:23+00:00\" \/>\n<meta property=\"article:modified_time\" content=\"2022-09-26T17:00:18+00:00\" \/>\n<meta name=\"author\" content=\"Jackie Omstead\" \/>\n<meta name=\"twitter:card\" content=\"summary_large_image\" \/>\n<meta name=\"twitter:label1\" content=\"\u00c9crit par\" \/>\n\t<meta name=\"twitter:data1\" content=\"Jackie Omstead\" \/>\n\t<meta name=\"twitter:label2\" content=\"Dur\u00e9e de lecture estim\u00e9e\" \/>\n\t<meta name=\"twitter:data2\" content=\"1 minute\" \/>\n<script type=\"application\/ld+json\" class=\"yoast-schema-graph\">{\"@context\":\"https:\\\/\\\/schema.org\",\"@graph\":[{\"@type\":\"Article\",\"@id\":\"https:\\\/\\\/caefs.ca\\\/fr\\\/sealing-criminal-records-of-marginalized-people-will-improve-many-lives\\\/#article\",\"isPartOf\":{\"@id\":\"https:\\\/\\\/caefs.ca\\\/fr\\\/sealing-criminal-records-of-marginalized-people-will-improve-many-lives\\\/\"},\"author\":{\"name\":\"Jackie Omstead\",\"@id\":\"https:\\\/\\\/caefs.ca\\\/fr\\\/#\\\/schema\\\/person\\\/cecc86ff46fdc00e6e6714d7e5a33959\"},\"headline\":\"La suppression des casiers judiciaires des personnes marginalis\u00e9es am\u00e9liorera de nombreuses vies\",\"datePublished\":\"2022-09-26T16:48:23+00:00\",\"dateModified\":\"2022-09-26T17:00:18+00:00\",\"mainEntityOfPage\":{\"@id\":\"https:\\\/\\\/caefs.ca\\\/fr\\\/sealing-criminal-records-of-marginalized-people-will-improve-many-lives\\\/\"},\"wordCount\":153,\"articleSection\":[\"Non classifi\u00e9(e)\"],\"inLanguage\":\"fr-FR\"},{\"@type\":\"WebPage\",\"@id\":\"https:\\\/\\\/caefs.ca\\\/fr\\\/sealing-criminal-records-of-marginalized-people-will-improve-many-lives\\\/\",\"url\":\"https:\\\/\\\/caefs.ca\\\/fr\\\/sealing-criminal-records-of-marginalized-people-will-improve-many-lives\\\/\",\"name\":\"La suppression des casiers judiciaires des personnes marginalis\u00e9es am\u00e9liorera de nombreuses vies - ACSEF\",\"isPartOf\":{\"@id\":\"https:\\\/\\\/caefs.ca\\\/fr\\\/#website\"},\"datePublished\":\"2022-09-26T16:48:23+00:00\",\"dateModified\":\"2022-09-26T17:00:18+00:00\",\"author\":{\"@id\":\"https:\\\/\\\/caefs.ca\\\/fr\\\/#\\\/schema\\\/person\\\/cecc86ff46fdc00e6e6714d7e5a33959\"},\"breadcrumb\":{\"@id\":\"https:\\\/\\\/caefs.ca\\\/fr\\\/sealing-criminal-records-of-marginalized-people-will-improve-many-lives\\\/#breadcrumb\"},\"inLanguage\":\"fr-FR\",\"potentialAction\":[{\"@type\":\"ReadAction\",\"target\":[\"https:\\\/\\\/caefs.ca\\\/fr\\\/sealing-criminal-records-of-marginalized-people-will-improve-many-lives\\\/\"]}]},{\"@type\":\"BreadcrumbList\",\"@id\":\"https:\\\/\\\/caefs.ca\\\/fr\\\/sealing-criminal-records-of-marginalized-people-will-improve-many-lives\\\/#breadcrumb\",\"itemListElement\":[{\"@type\":\"ListItem\",\"position\":1,\"name\":\"Accueil\",\"item\":\"https:\\\/\\\/caefs.ca\\\/fr\\\/\"},{\"@type\":\"ListItem\",\"position\":2,\"name\":\"La suppression des casiers judiciaires des personnes marginalis\u00e9es am\u00e9liorera de nombreuses vies\"}]},{\"@type\":\"WebSite\",\"@id\":\"https:\\\/\\\/caefs.ca\\\/fr\\\/#website\",\"url\":\"https:\\\/\\\/caefs.ca\\\/fr\\\/\",\"name\":\"ACSEF\",\"description\":\"Just another WordPress site\",\"potentialAction\":[{\"@type\":\"SearchAction\",\"target\":{\"@type\":\"EntryPoint\",\"urlTemplate\":\"https:\\\/\\\/caefs.ca\\\/fr\\\/?s={search_term_string}\"},\"query-input\":{\"@type\":\"PropertyValueSpecification\",\"valueRequired\":true,\"valueName\":\"search_term_string\"}}],\"inLanguage\":\"fr-FR\"},{\"@type\":\"Person\",\"@id\":\"https:\\\/\\\/caefs.ca\\\/fr\\\/#\\\/schema\\\/person\\\/cecc86ff46fdc00e6e6714d7e5a33959\",\"name\":\"Jackie Omstead\",\"image\":{\"@type\":\"ImageObject\",\"inLanguage\":\"fr-FR\",\"@id\":\"https:\\\/\\\/secure.gravatar.com\\\/avatar\\\/f26bb669201f2fad39efad2d8e364bea14b17296d05c0ac31301c8a4688ff2ce?s=96&d=mm&r=g\",\"url\":\"https:\\\/\\\/secure.gravatar.com\\\/avatar\\\/f26bb669201f2fad39efad2d8e364bea14b17296d05c0ac31301c8a4688ff2ce?s=96&d=mm&r=g\",\"contentUrl\":\"https:\\\/\\\/secure.gravatar.com\\\/avatar\\\/f26bb669201f2fad39efad2d8e364bea14b17296d05c0ac31301c8a4688ff2ce?s=96&d=mm&r=g\",\"caption\":\"Jackie Omstead\"},\"url\":\"https:\\\/\\\/caefs.ca\\\/fr\\\/author\\\/jomstead\\\/\"}]}<\/script>\n<!-- \/ Yoast SEO plugin. -->","yoast_head_json":{"title":"La suppression des casiers judiciaires des personnes marginalis\u00e9es am\u00e9liorera de nombreuses vies - ACSEF","robots":{"index":"index","follow":"follow","max-snippet":"max-snippet:-1","max-image-preview":"max-image-preview:large","max-video-preview":"max-video-preview:-1"},"canonical":"https:\/\/caefs.ca\/fr\/sealing-criminal-records-of-marginalized-people-will-improve-many-lives\/","og_locale":"fr_FR","og_type":"article","og_title":"La suppression des casiers judiciaires des personnes marginalis\u00e9es am\u00e9liorera de nombreuses vies - ACSEF","og_description":"&lt;&lt; Nous devons mettre en place des syst\u00e8mes qui ne soumettent pas les membres de communaut\u00e9s d\u00e9j\u00e0 marginalis\u00e9es aux co\u00fbts incessants d&rsquo;un programme inefficace de lutte contre la criminalit\u00e9. Changer [&hellip;]","og_url":"https:\/\/caefs.ca\/fr\/sealing-criminal-records-of-marginalized-people-will-improve-many-lives\/","og_site_name":"ACSEF","article_published_time":"2022-09-26T16:48:23+00:00","article_modified_time":"2022-09-26T17:00:18+00:00","author":"Jackie Omstead","twitter_card":"summary_large_image","twitter_misc":{"\u00c9crit par":"Jackie Omstead","Dur\u00e9e de lecture estim\u00e9e":"1 minute"},"schema":{"@context":"https:\/\/schema.org","@graph":[{"@type":"Article","@id":"https:\/\/caefs.ca\/fr\/sealing-criminal-records-of-marginalized-people-will-improve-many-lives\/#article","isPartOf":{"@id":"https:\/\/caefs.ca\/fr\/sealing-criminal-records-of-marginalized-people-will-improve-many-lives\/"},"author":{"name":"Jackie Omstead","@id":"https:\/\/caefs.ca\/fr\/#\/schema\/person\/cecc86ff46fdc00e6e6714d7e5a33959"},"headline":"La suppression des casiers judiciaires des personnes marginalis\u00e9es am\u00e9liorera de nombreuses vies","datePublished":"2022-09-26T16:48:23+00:00","dateModified":"2022-09-26T17:00:18+00:00","mainEntityOfPage":{"@id":"https:\/\/caefs.ca\/fr\/sealing-criminal-records-of-marginalized-people-will-improve-many-lives\/"},"wordCount":153,"articleSection":["Non classifi\u00e9(e)"],"inLanguage":"fr-FR"},{"@type":"WebPage","@id":"https:\/\/caefs.ca\/fr\/sealing-criminal-records-of-marginalized-people-will-improve-many-lives\/","url":"https:\/\/caefs.ca\/fr\/sealing-criminal-records-of-marginalized-people-will-improve-many-lives\/","name":"La suppression des casiers judiciaires des personnes marginalis\u00e9es am\u00e9liorera de nombreuses vies - ACSEF","isPartOf":{"@id":"https:\/\/caefs.ca\/fr\/#website"},"datePublished":"2022-09-26T16:48:23+00:00","dateModified":"2022-09-26T17:00:18+00:00","author":{"@id":"https:\/\/caefs.ca\/fr\/#\/schema\/person\/cecc86ff46fdc00e6e6714d7e5a33959"},"breadcrumb":{"@id":"https:\/\/caefs.ca\/fr\/sealing-criminal-records-of-marginalized-people-will-improve-many-lives\/#breadcrumb"},"inLanguage":"fr-FR","potentialAction":[{"@type":"ReadAction","target":["https:\/\/caefs.ca\/fr\/sealing-criminal-records-of-marginalized-people-will-improve-many-lives\/"]}]},{"@type":"BreadcrumbList","@id":"https:\/\/caefs.ca\/fr\/sealing-criminal-records-of-marginalized-people-will-improve-many-lives\/#breadcrumb","itemListElement":[{"@type":"ListItem","position":1,"name":"Accueil","item":"https:\/\/caefs.ca\/fr\/"},{"@type":"ListItem","position":2,"name":"La suppression des casiers judiciaires des personnes marginalis\u00e9es am\u00e9liorera de nombreuses vies"}]},{"@type":"WebSite","@id":"https:\/\/caefs.ca\/fr\/#website","url":"https:\/\/caefs.ca\/fr\/","name":"ACSEF","description":"Just another WordPress site","potentialAction":[{"@type":"SearchAction","target":{"@type":"EntryPoint","urlTemplate":"https:\/\/caefs.ca\/fr\/?s={search_term_string}"},"query-input":{"@type":"PropertyValueSpecification","valueRequired":true,"valueName":"search_term_string"}}],"inLanguage":"fr-FR"},{"@type":"Person","@id":"https:\/\/caefs.ca\/fr\/#\/schema\/person\/cecc86ff46fdc00e6e6714d7e5a33959","name":"Jackie Omstead","image":{"@type":"ImageObject","inLanguage":"fr-FR","@id":"https:\/\/secure.gravatar.com\/avatar\/f26bb669201f2fad39efad2d8e364bea14b17296d05c0ac31301c8a4688ff2ce?s=96&d=mm&r=g","url":"https:\/\/secure.gravatar.com\/avatar\/f26bb669201f2fad39efad2d8e364bea14b17296d05c0ac31301c8a4688ff2ce?s=96&d=mm&r=g","contentUrl":"https:\/\/secure.gravatar.com\/avatar\/f26bb669201f2fad39efad2d8e364bea14b17296d05c0ac31301c8a4688ff2ce?s=96&d=mm&r=g","caption":"Jackie Omstead"},"url":"https:\/\/caefs.ca\/fr\/author\/jomstead\/"}]}},"_links":{"self":[{"href":"https:\/\/caefs.ca\/fr\/wp-json\/wp\/v2\/posts\/5268","targetHints":{"allow":["GET"]}}],"collection":[{"href":"https:\/\/caefs.ca\/fr\/wp-json\/wp\/v2\/posts"}],"about":[{"href":"https:\/\/caefs.ca\/fr\/wp-json\/wp\/v2\/types\/post"}],"author":[{"embeddable":true,"href":"https:\/\/caefs.ca\/fr\/wp-json\/wp\/v2\/users\/3"}],"replies":[{"embeddable":true,"href":"https:\/\/caefs.ca\/fr\/wp-json\/wp\/v2\/comments?post=5268"}],"version-history":[{"count":2,"href":"https:\/\/caefs.ca\/fr\/wp-json\/wp\/v2\/posts\/5268\/revisions"}],"predecessor-version":[{"id":5272,"href":"https:\/\/caefs.ca\/fr\/wp-json\/wp\/v2\/posts\/5268\/revisions\/5272"}],"wp:attachment":[{"href":"https:\/\/caefs.ca\/fr\/wp-json\/wp\/v2\/media?parent=5268"}],"wp:term":[{"taxonomy":"category","embeddable":true,"href":"https:\/\/caefs.ca\/fr\/wp-json\/wp\/v2\/category?post=5268"},{"taxonomy":"post_tag","embeddable":true,"href":"https:\/\/caefs.ca\/fr\/wp-json\/wp\/v2\/tags?post=5268"}],"curies":[{"name":"wp","href":"https:\/\/api.w.org\/{rel}","templated":true}]}}