{"id":5350,"date":"2022-10-06T08:07:38","date_gmt":"2022-10-06T12:07:38","guid":{"rendered":"https:\/\/caefs.ca\/?p=5350"},"modified":"2022-10-06T08:07:39","modified_gmt":"2022-10-06T12:07:39","slug":"une-mise-a-jour-de-lacsef-sur-la-revision-de-nos-positions-organisationnelles","status":"publish","type":"post","link":"https:\/\/caefs.ca\/fr\/une-mise-a-jour-de-lacsef-sur-la-revision-de-nos-positions-organisationnelles\/","title":{"rendered":"\u00a0Une mise \u00e0 jour de l&rsquo;ACSEF sur la r\u00e9vision de nos positions organisationnelles\u00a0"},"content":{"rendered":"\n<p>L\u2019Association canadienne des Soci\u00e9t\u00e9s Elizabeth Fry (ACSEF) a \u00e9t\u00e9 fond\u00e9e en 1978. Notre organisme n\u2019a cess\u00e9 d\u2019\u00e9voluer depuis, tout comme nos positions et nos approches en mati\u00e8re de d\u00e9fense des droits. Nous ne sommes plus l\u2019ACSEF que nous \u00e9tions il y a trois, dix ou quarante ans. Cependant, nous sommes responsables des d\u00e9cisions et des positions qui ont \u00e9t\u00e9 prises \u00e0 cette \u00e9poque.\u00a0<\/p>\n\n\n\n<p>Lors de notre AGA de juin 2022, nos membres ont adopt\u00e9 \u00e0 l\u2019unanimit\u00e9 une motion visant \u00e0 r\u00e9\u00e9valuer toutes les positions prises par l\u2019ACSEF il y a plus de dix ans. Parmi ces positions figure notre position sur le travail du sexe, qui appelait \u00e0 l\u2019\u00e9poque \u00e0 une mise en oeuvre d\u2019un mod\u00e8le qui criminalise certains aspects du travail du sexe.&nbsp;<\/p>\n\n\n\n<p>Au cours des derni\u00e8res ann\u00e9es, nous avons travaill\u00e9 avec nos membres et nous avons appris des organismes et des collectifs de d\u00e9fense des droits des travailleuses et travailleurs du sexe. Nous faisons aujourd\u2019hui publiquement le premier pas vers un changement n\u00e9cessaire, qui se doit d\u2019\u00eatre align\u00e9 sur notre objectif g\u00e9n\u00e9ral d\u2019un monde sans prisons, avec des communaut\u00e9s solides disposant de ressources suffisantes.&nbsp;<\/p>\n\n\n\n<p>Il est particuli\u00e8rement important \u00e0 ce stade de reconna\u00eetre publiquement que nous r\u00e9examinons notre position sur le travail du sexe, car une contestation constitutionnelle des lois p\u00e9nales sur le travail du sexe fait actuellement son chemin \u00e0 la Cour sup\u00e9rieure de l\u2019Ontario. Nous sommes \u00e9galement r\u00e9guli\u00e8rement t\u00e9moins des pr\u00e9judices que la criminalisation du travail du sexe cause aux femmes et aux personnes de diverses identit\u00e9s de genre. L\u2019ACSEF reconna\u00eet que sa position pass\u00e9e sur le travail du sexe, et ses efforts de d\u00e9fense des droits qui en ont d\u00e9coul\u00e9, ont caus\u00e9 du tort aux communaut\u00e9s m\u00eames avec lesquelles elle souhaite travailler en solidarit\u00e9.&nbsp;<\/p>\n\n\n\n<p>Nous nous r\u00e9jouissons de continuer \u00e0 travailler avec nos membres, avec les organismes de d\u00e9fense des droits des travailleuses et travailleurs du sexe et avec le secteur en g\u00e9n\u00e9ral pour actualiser et mettre en oeuvre d\u00e8s que possible une position nouvellement r\u00e9vis\u00e9e.\u00a0<\/p>\n\n\n\n<div style=\"height:100px\" aria-hidden=\"true\" class=\"wp-block-spacer\"><\/div>\n\n\n\n<div class=\"wp-block-buttons is-layout-flex wp-block-buttons-is-layout-flex\">\n<div class=\"wp-block-button\"><a class=\"wp-block-button__link\" href=\"https:\/\/caefs.ca\/wp-content\/uploads\/2022\/10\/2022-10-06-PS-PositionRevision-FR.pdf\" target=\"_blank\" rel=\"noreferrer noopener\">Pour t\u00e9l\u00e9charger une copie de notre d\u00e9claration publique, cliquez ici.<\/a><\/div>\n\n\n\n<div class=\"wp-block-button\"><a class=\"wp-block-button__link\" href=\"https:\/\/caefs.ca\/fr\/news-campaigns\/publications-and-resources\/submissions-and-open-letters\/\" target=\"_blank\" rel=\"noreferrer noopener\">Pour lire d&rsquo;autres d\u00e9clarations publiques de l&rsquo;ACSEF, cliquez ici.<\/a><\/div>\n<\/div>\n","protected":false},"excerpt":{"rendered":"<p>L\u2019Association canadienne des Soci\u00e9t\u00e9s Elizabeth Fry (ACSEF) a \u00e9t\u00e9 fond\u00e9e en 1978. Notre organisme n\u2019a cess\u00e9 d\u2019\u00e9voluer depuis, tout comme nos positions et nos approches en mati\u00e8re de d\u00e9fense des [&hellip;]<\/p>\n","protected":false},"author":3,"featured_media":0,"comment_status":"closed","ping_status":"closed","sticky":false,"template":"","format":"standard","meta":{"_acf_changed":false,"om_disable_all_campaigns":false,"_monsterinsights_skip_tracking":false,"_monsterinsights_sitenote_active":false,"_monsterinsights_sitenote_note":"","_monsterinsights_sitenote_category":0,"footnotes":""},"category":[8],"tags":[],"class_list":["post-5350","post","type-post","status-publish","format-standard","hentry","category-non-classifiee"],"acf":[],"aioseo_notices":[],"yoast_head":"<!-- This site is optimized with the Yoast SEO plugin v27.4 - https:\/\/yoast.com\/product\/yoast-seo-wordpress\/ -->\n<title>\u00a0Une mise \u00e0 jour de l&#039;ACSEF sur la r\u00e9vision de nos positions organisationnelles\u00a0 - ACSEF<\/title>\n<meta name=\"robots\" content=\"index, follow, max-snippet:-1, max-image-preview:large, max-video-preview:-1\" \/>\n<link rel=\"canonical\" href=\"https:\/\/caefs.ca\/fr\/une-mise-a-jour-de-lacsef-sur-la-revision-de-nos-positions-organisationnelles\/\" \/>\n<meta property=\"og:locale\" content=\"fr_FR\" \/>\n<meta property=\"og:type\" content=\"article\" \/>\n<meta property=\"og:title\" content=\"\u00a0Une mise \u00e0 jour de l&#039;ACSEF sur la r\u00e9vision de nos positions organisationnelles\u00a0 - ACSEF\" \/>\n<meta property=\"og:description\" content=\"L\u2019Association canadienne des Soci\u00e9t\u00e9s Elizabeth Fry (ACSEF) a \u00e9t\u00e9 fond\u00e9e en 1978. Notre organisme n\u2019a cess\u00e9 d\u2019\u00e9voluer depuis, tout comme nos positions et nos approches en mati\u00e8re de d\u00e9fense des [&hellip;]\" \/>\n<meta property=\"og:url\" content=\"https:\/\/caefs.ca\/fr\/une-mise-a-jour-de-lacsef-sur-la-revision-de-nos-positions-organisationnelles\/\" \/>\n<meta property=\"og:site_name\" content=\"ACSEF\" \/>\n<meta property=\"article:published_time\" content=\"2022-10-06T12:07:38+00:00\" \/>\n<meta property=\"article:modified_time\" content=\"2022-10-06T12:07:39+00:00\" \/>\n<meta name=\"author\" content=\"Jackie Omstead\" \/>\n<meta name=\"twitter:card\" content=\"summary_large_image\" \/>\n<meta name=\"twitter:label1\" content=\"\u00c9crit par\" \/>\n\t<meta name=\"twitter:data1\" content=\"Jackie Omstead\" \/>\n\t<meta name=\"twitter:label2\" content=\"Dur\u00e9e de lecture estim\u00e9e\" \/>\n\t<meta name=\"twitter:data2\" content=\"2 minutes\" \/>\n<script type=\"application\/ld+json\" class=\"yoast-schema-graph\">{\"@context\":\"https:\\\/\\\/schema.org\",\"@graph\":[{\"@type\":\"Article\",\"@id\":\"https:\\\/\\\/caefs.ca\\\/fr\\\/une-mise-a-jour-de-lacsef-sur-la-revision-de-nos-positions-organisationnelles\\\/#article\",\"isPartOf\":{\"@id\":\"https:\\\/\\\/caefs.ca\\\/fr\\\/une-mise-a-jour-de-lacsef-sur-la-revision-de-nos-positions-organisationnelles\\\/\"},\"author\":{\"name\":\"Jackie Omstead\",\"@id\":\"https:\\\/\\\/caefs.ca\\\/fr\\\/#\\\/schema\\\/person\\\/cecc86ff46fdc00e6e6714d7e5a33959\"},\"headline\":\"\u00a0Une mise \u00e0 jour de l&rsquo;ACSEF sur la r\u00e9vision de nos positions organisationnelles\u00a0\",\"datePublished\":\"2022-10-06T12:07:38+00:00\",\"dateModified\":\"2022-10-06T12:07:39+00:00\",\"mainEntityOfPage\":{\"@id\":\"https:\\\/\\\/caefs.ca\\\/fr\\\/une-mise-a-jour-de-lacsef-sur-la-revision-de-nos-positions-organisationnelles\\\/\"},\"wordCount\":414,\"articleSection\":[\"Non classifi\u00e9(e)\"],\"inLanguage\":\"fr-FR\"},{\"@type\":\"WebPage\",\"@id\":\"https:\\\/\\\/caefs.ca\\\/fr\\\/une-mise-a-jour-de-lacsef-sur-la-revision-de-nos-positions-organisationnelles\\\/\",\"url\":\"https:\\\/\\\/caefs.ca\\\/fr\\\/une-mise-a-jour-de-lacsef-sur-la-revision-de-nos-positions-organisationnelles\\\/\",\"name\":\"\u00a0Une mise \u00e0 jour de l'ACSEF sur la r\u00e9vision de nos positions organisationnelles\u00a0 - ACSEF\",\"isPartOf\":{\"@id\":\"https:\\\/\\\/caefs.ca\\\/fr\\\/#website\"},\"datePublished\":\"2022-10-06T12:07:38+00:00\",\"dateModified\":\"2022-10-06T12:07:39+00:00\",\"author\":{\"@id\":\"https:\\\/\\\/caefs.ca\\\/fr\\\/#\\\/schema\\\/person\\\/cecc86ff46fdc00e6e6714d7e5a33959\"},\"breadcrumb\":{\"@id\":\"https:\\\/\\\/caefs.ca\\\/fr\\\/une-mise-a-jour-de-lacsef-sur-la-revision-de-nos-positions-organisationnelles\\\/#breadcrumb\"},\"inLanguage\":\"fr-FR\",\"potentialAction\":[{\"@type\":\"ReadAction\",\"target\":[\"https:\\\/\\\/caefs.ca\\\/fr\\\/une-mise-a-jour-de-lacsef-sur-la-revision-de-nos-positions-organisationnelles\\\/\"]}]},{\"@type\":\"BreadcrumbList\",\"@id\":\"https:\\\/\\\/caefs.ca\\\/fr\\\/une-mise-a-jour-de-lacsef-sur-la-revision-de-nos-positions-organisationnelles\\\/#breadcrumb\",\"itemListElement\":[{\"@type\":\"ListItem\",\"position\":1,\"name\":\"Accueil\",\"item\":\"https:\\\/\\\/caefs.ca\\\/fr\\\/\"},{\"@type\":\"ListItem\",\"position\":2,\"name\":\"\u00a0Une mise \u00e0 jour de l&#8217;ACSEF sur la r\u00e9vision de nos positions organisationnelles\u00a0\"}]},{\"@type\":\"WebSite\",\"@id\":\"https:\\\/\\\/caefs.ca\\\/fr\\\/#website\",\"url\":\"https:\\\/\\\/caefs.ca\\\/fr\\\/\",\"name\":\"ACSEF\",\"description\":\"Just another WordPress site\",\"potentialAction\":[{\"@type\":\"SearchAction\",\"target\":{\"@type\":\"EntryPoint\",\"urlTemplate\":\"https:\\\/\\\/caefs.ca\\\/fr\\\/?s={search_term_string}\"},\"query-input\":{\"@type\":\"PropertyValueSpecification\",\"valueRequired\":true,\"valueName\":\"search_term_string\"}}],\"inLanguage\":\"fr-FR\"},{\"@type\":\"Person\",\"@id\":\"https:\\\/\\\/caefs.ca\\\/fr\\\/#\\\/schema\\\/person\\\/cecc86ff46fdc00e6e6714d7e5a33959\",\"name\":\"Jackie Omstead\",\"image\":{\"@type\":\"ImageObject\",\"inLanguage\":\"fr-FR\",\"@id\":\"https:\\\/\\\/secure.gravatar.com\\\/avatar\\\/f26bb669201f2fad39efad2d8e364bea14b17296d05c0ac31301c8a4688ff2ce?s=96&d=mm&r=g\",\"url\":\"https:\\\/\\\/secure.gravatar.com\\\/avatar\\\/f26bb669201f2fad39efad2d8e364bea14b17296d05c0ac31301c8a4688ff2ce?s=96&d=mm&r=g\",\"contentUrl\":\"https:\\\/\\\/secure.gravatar.com\\\/avatar\\\/f26bb669201f2fad39efad2d8e364bea14b17296d05c0ac31301c8a4688ff2ce?s=96&d=mm&r=g\",\"caption\":\"Jackie Omstead\"},\"url\":\"https:\\\/\\\/caefs.ca\\\/fr\\\/author\\\/jomstead\\\/\"}]}<\/script>\n<!-- \/ Yoast SEO plugin. -->","yoast_head_json":{"title":"\u00a0Une mise \u00e0 jour de l'ACSEF sur la r\u00e9vision de nos positions organisationnelles\u00a0 - ACSEF","robots":{"index":"index","follow":"follow","max-snippet":"max-snippet:-1","max-image-preview":"max-image-preview:large","max-video-preview":"max-video-preview:-1"},"canonical":"https:\/\/caefs.ca\/fr\/une-mise-a-jour-de-lacsef-sur-la-revision-de-nos-positions-organisationnelles\/","og_locale":"fr_FR","og_type":"article","og_title":"\u00a0Une mise \u00e0 jour de l'ACSEF sur la r\u00e9vision de nos positions organisationnelles\u00a0 - ACSEF","og_description":"L\u2019Association canadienne des Soci\u00e9t\u00e9s Elizabeth Fry (ACSEF) a \u00e9t\u00e9 fond\u00e9e en 1978. Notre organisme n\u2019a cess\u00e9 d\u2019\u00e9voluer depuis, tout comme nos positions et nos approches en mati\u00e8re de d\u00e9fense des [&hellip;]","og_url":"https:\/\/caefs.ca\/fr\/une-mise-a-jour-de-lacsef-sur-la-revision-de-nos-positions-organisationnelles\/","og_site_name":"ACSEF","article_published_time":"2022-10-06T12:07:38+00:00","article_modified_time":"2022-10-06T12:07:39+00:00","author":"Jackie Omstead","twitter_card":"summary_large_image","twitter_misc":{"\u00c9crit par":"Jackie Omstead","Dur\u00e9e de lecture estim\u00e9e":"2 minutes"},"schema":{"@context":"https:\/\/schema.org","@graph":[{"@type":"Article","@id":"https:\/\/caefs.ca\/fr\/une-mise-a-jour-de-lacsef-sur-la-revision-de-nos-positions-organisationnelles\/#article","isPartOf":{"@id":"https:\/\/caefs.ca\/fr\/une-mise-a-jour-de-lacsef-sur-la-revision-de-nos-positions-organisationnelles\/"},"author":{"name":"Jackie Omstead","@id":"https:\/\/caefs.ca\/fr\/#\/schema\/person\/cecc86ff46fdc00e6e6714d7e5a33959"},"headline":"\u00a0Une mise \u00e0 jour de l&rsquo;ACSEF sur la r\u00e9vision de nos positions organisationnelles\u00a0","datePublished":"2022-10-06T12:07:38+00:00","dateModified":"2022-10-06T12:07:39+00:00","mainEntityOfPage":{"@id":"https:\/\/caefs.ca\/fr\/une-mise-a-jour-de-lacsef-sur-la-revision-de-nos-positions-organisationnelles\/"},"wordCount":414,"articleSection":["Non classifi\u00e9(e)"],"inLanguage":"fr-FR"},{"@type":"WebPage","@id":"https:\/\/caefs.ca\/fr\/une-mise-a-jour-de-lacsef-sur-la-revision-de-nos-positions-organisationnelles\/","url":"https:\/\/caefs.ca\/fr\/une-mise-a-jour-de-lacsef-sur-la-revision-de-nos-positions-organisationnelles\/","name":"\u00a0Une mise \u00e0 jour de l'ACSEF sur la r\u00e9vision de nos positions organisationnelles\u00a0 - ACSEF","isPartOf":{"@id":"https:\/\/caefs.ca\/fr\/#website"},"datePublished":"2022-10-06T12:07:38+00:00","dateModified":"2022-10-06T12:07:39+00:00","author":{"@id":"https:\/\/caefs.ca\/fr\/#\/schema\/person\/cecc86ff46fdc00e6e6714d7e5a33959"},"breadcrumb":{"@id":"https:\/\/caefs.ca\/fr\/une-mise-a-jour-de-lacsef-sur-la-revision-de-nos-positions-organisationnelles\/#breadcrumb"},"inLanguage":"fr-FR","potentialAction":[{"@type":"ReadAction","target":["https:\/\/caefs.ca\/fr\/une-mise-a-jour-de-lacsef-sur-la-revision-de-nos-positions-organisationnelles\/"]}]},{"@type":"BreadcrumbList","@id":"https:\/\/caefs.ca\/fr\/une-mise-a-jour-de-lacsef-sur-la-revision-de-nos-positions-organisationnelles\/#breadcrumb","itemListElement":[{"@type":"ListItem","position":1,"name":"Accueil","item":"https:\/\/caefs.ca\/fr\/"},{"@type":"ListItem","position":2,"name":"\u00a0Une mise \u00e0 jour de l&#8217;ACSEF sur la r\u00e9vision de nos positions organisationnelles\u00a0"}]},{"@type":"WebSite","@id":"https:\/\/caefs.ca\/fr\/#website","url":"https:\/\/caefs.ca\/fr\/","name":"ACSEF","description":"Just another WordPress site","potentialAction":[{"@type":"SearchAction","target":{"@type":"EntryPoint","urlTemplate":"https:\/\/caefs.ca\/fr\/?s={search_term_string}"},"query-input":{"@type":"PropertyValueSpecification","valueRequired":true,"valueName":"search_term_string"}}],"inLanguage":"fr-FR"},{"@type":"Person","@id":"https:\/\/caefs.ca\/fr\/#\/schema\/person\/cecc86ff46fdc00e6e6714d7e5a33959","name":"Jackie Omstead","image":{"@type":"ImageObject","inLanguage":"fr-FR","@id":"https:\/\/secure.gravatar.com\/avatar\/f26bb669201f2fad39efad2d8e364bea14b17296d05c0ac31301c8a4688ff2ce?s=96&d=mm&r=g","url":"https:\/\/secure.gravatar.com\/avatar\/f26bb669201f2fad39efad2d8e364bea14b17296d05c0ac31301c8a4688ff2ce?s=96&d=mm&r=g","contentUrl":"https:\/\/secure.gravatar.com\/avatar\/f26bb669201f2fad39efad2d8e364bea14b17296d05c0ac31301c8a4688ff2ce?s=96&d=mm&r=g","caption":"Jackie Omstead"},"url":"https:\/\/caefs.ca\/fr\/author\/jomstead\/"}]}},"_links":{"self":[{"href":"https:\/\/caefs.ca\/fr\/wp-json\/wp\/v2\/posts\/5350","targetHints":{"allow":["GET"]}}],"collection":[{"href":"https:\/\/caefs.ca\/fr\/wp-json\/wp\/v2\/posts"}],"about":[{"href":"https:\/\/caefs.ca\/fr\/wp-json\/wp\/v2\/types\/post"}],"author":[{"embeddable":true,"href":"https:\/\/caefs.ca\/fr\/wp-json\/wp\/v2\/users\/3"}],"replies":[{"embeddable":true,"href":"https:\/\/caefs.ca\/fr\/wp-json\/wp\/v2\/comments?post=5350"}],"version-history":[{"count":3,"href":"https:\/\/caefs.ca\/fr\/wp-json\/wp\/v2\/posts\/5350\/revisions"}],"predecessor-version":[{"id":5358,"href":"https:\/\/caefs.ca\/fr\/wp-json\/wp\/v2\/posts\/5350\/revisions\/5358"}],"wp:attachment":[{"href":"https:\/\/caefs.ca\/fr\/wp-json\/wp\/v2\/media?parent=5350"}],"wp:term":[{"taxonomy":"category","embeddable":true,"href":"https:\/\/caefs.ca\/fr\/wp-json\/wp\/v2\/category?post=5350"},{"taxonomy":"post_tag","embeddable":true,"href":"https:\/\/caefs.ca\/fr\/wp-json\/wp\/v2\/tags?post=5350"}],"curies":[{"name":"wp","href":"https:\/\/api.w.org\/{rel}","templated":true}]}}