{"id":6103,"date":"2023-04-11T09:27:07","date_gmt":"2023-04-11T13:27:07","guid":{"rendered":"https:\/\/caefs.ca\/?p=6103"},"modified":"2023-04-11T09:27:08","modified_gmt":"2023-04-11T13:27:08","slug":"communique-de-presse-lacsef-repond-au-second-report-de-lenquete-sur-la-mort-de-terry-baker","status":"publish","type":"post","link":"https:\/\/caefs.ca\/fr\/communique-de-presse-lacsef-repond-au-second-report-de-lenquete-sur-la-mort-de-terry-baker\/","title":{"rendered":"Communiqu\u00e9 de presse: L\u2019ACSEF r\u00e9pond au second report de l\u2019enqu\u00eate sur la mort de Terry Baker"},"content":{"rendered":"\n<p>Ottawa (Ontario), le mardi 11 avril 2023 \u2013 Aujourd\u2019hui devait commencer l\u2019enqu\u00eate sur la mort de Terry Baker, une jeune femme d\u00e9c\u00e9d\u00e9e en 2016 au cours de son incarc\u00e9ration \u00e0 l\u2019\u00c9tablissement Grand Valley pour femmes (EGVF). Le 5 avril, il a \u00e9t\u00e9 annonc\u00e9 que l\u2019affaire poursuivrait son cours \u00e0 une date ult\u00e9rieure.<\/p>\n\n\n\n<p>C\u2019est la deuxi\u00e8me fois que l\u2019enqu\u00eate sur la mort de Terry Baker est report\u00e9e. Cette fois-ci, l\u2019ajournement est d\u00fb au refus du Service correctionnel du Canada (SCC), qui est partie prenante au dossier, de produire des documents dont la saisie a \u00e9t\u00e9 ordonn\u00e9e par le coroner charg\u00e9 de l\u2019enqu\u00eate.<\/p>\n\n\n\n<p>Au nom de l&rsquo;ACSEF, la directrice g\u00e9n\u00e9rale Emilie Coyle d\u00e9clare,  \u00ab L\u2019attitude cavali\u00e8re du SCC est franchement d\u00e9concertante. Il est extr\u00eamement important que l\u2019institution responsable des personnes incarc\u00e9r\u00e9es, soit le SCC, fasse preuve de transparence et rende des comptes au public. Il est choquant de constater que le SCC a voulu forcer la poursuite de l\u2019enqu\u00eate malgr\u00e9 son refus d\u2019acc\u00e9der \u00e0 la demande l\u00e9gitime du coroner de saisir les documents pertinents et nous am\u00e8ne \u00e0 nous interroger sur leurs motivations \u00bb.<\/p>\n\n\n\n<p>Vous pouvez lire le communiqu\u00e9 de presse dans son int\u00e9gralit\u00e9 ci-dessous.<\/p>\n\n\n<div id=\"files-block-block_2ec177722929a0d2dc6fbbabcae575e0\" class=\"files-block \">\n                <div class=\"files\">\n                            <div class=\"file\">\n                    <span class=\"title\">Communiqu\u00e9 de presse: L\u2019ACSEF r\u00e9pond au second report de l\u2019enqu\u00eate sur la mort de Terry Baker<\/span>\n                    <span class=\"size\">(170kB, PDF)<\/span>\n                    <a class=\"cta\" href=\"https:\/\/caefs.ca\/wp-content\/uploads\/2023\/04\/2023-04-11-PR-CAEFS-Response-to-Inquest-Postponement-FR.pdf\" title=\"Communiqu\u00e9 de presse: L\u2019ACSEF r\u00e9pond au second report de l\u2019enqu\u00eate sur la mort de Terry Baker\" target=\"_blank\">\n                        T\u00e9l\u00e9charger<i class=\"icon icon-download\"><\/i>\n                    <\/a>\n                <\/div>\n                    <\/div>\n    <\/div>\n","protected":false},"excerpt":{"rendered":"<p>Ottawa (Ontario), le mardi 11 avril 2023 \u2013 Aujourd\u2019hui devait commencer l\u2019enqu\u00eate sur la mort de Terry Baker, une jeune femme d\u00e9c\u00e9d\u00e9e en 2016 au cours de son incarc\u00e9ration \u00e0 [&hellip;]<\/p>\n","protected":false},"author":3,"featured_media":0,"comment_status":"closed","ping_status":"closed","sticky":false,"template":"","format":"standard","meta":{"_acf_changed":false,"om_disable_all_campaigns":false,"_monsterinsights_skip_tracking":false,"_monsterinsights_sitenote_active":false,"_monsterinsights_sitenote_note":"","_monsterinsights_sitenote_category":0,"footnotes":""},"category":[8],"tags":[],"class_list":["post-6103","post","type-post","status-publish","format-standard","hentry","category-non-classifiee"],"acf":[],"aioseo_notices":[],"yoast_head":"<!-- This site is optimized with the Yoast SEO plugin v27.4 - https:\/\/yoast.com\/product\/yoast-seo-wordpress\/ -->\n<title>Communiqu\u00e9 de presse: L\u2019ACSEF r\u00e9pond au second report de l\u2019enqu\u00eate sur la mort de Terry Baker - ACSEF<\/title>\n<meta name=\"robots\" content=\"index, follow, max-snippet:-1, max-image-preview:large, max-video-preview:-1\" \/>\n<link rel=\"canonical\" href=\"https:\/\/caefs.ca\/fr\/communique-de-presse-lacsef-repond-au-second-report-de-lenquete-sur-la-mort-de-terry-baker\/\" \/>\n<meta property=\"og:locale\" content=\"fr_FR\" \/>\n<meta property=\"og:type\" content=\"article\" \/>\n<meta property=\"og:title\" content=\"Communiqu\u00e9 de presse: L\u2019ACSEF r\u00e9pond au second report de l\u2019enqu\u00eate sur la mort de Terry Baker - ACSEF\" \/>\n<meta property=\"og:description\" content=\"Ottawa (Ontario), le mardi 11 avril 2023 \u2013 Aujourd\u2019hui devait commencer l\u2019enqu\u00eate sur la mort de Terry Baker, une jeune femme d\u00e9c\u00e9d\u00e9e en 2016 au cours de son incarc\u00e9ration \u00e0 [&hellip;]\" \/>\n<meta property=\"og:url\" content=\"https:\/\/caefs.ca\/fr\/communique-de-presse-lacsef-repond-au-second-report-de-lenquete-sur-la-mort-de-terry-baker\/\" \/>\n<meta property=\"og:site_name\" content=\"ACSEF\" \/>\n<meta property=\"article:published_time\" content=\"2023-04-11T13:27:07+00:00\" \/>\n<meta property=\"article:modified_time\" content=\"2023-04-11T13:27:08+00:00\" \/>\n<meta name=\"author\" content=\"Jackie Omstead\" \/>\n<meta name=\"twitter:card\" content=\"summary_large_image\" \/>\n<meta name=\"twitter:label1\" content=\"\u00c9crit par\" \/>\n\t<meta name=\"twitter:data1\" content=\"Jackie Omstead\" \/>\n\t<meta name=\"twitter:label2\" content=\"Dur\u00e9e de lecture estim\u00e9e\" \/>\n\t<meta name=\"twitter:data2\" content=\"1 minute\" \/>\n<script type=\"application\/ld+json\" class=\"yoast-schema-graph\">{\"@context\":\"https:\\\/\\\/schema.org\",\"@graph\":[{\"@type\":\"Article\",\"@id\":\"https:\\\/\\\/caefs.ca\\\/fr\\\/communique-de-presse-lacsef-repond-au-second-report-de-lenquete-sur-la-mort-de-terry-baker\\\/#article\",\"isPartOf\":{\"@id\":\"https:\\\/\\\/caefs.ca\\\/fr\\\/communique-de-presse-lacsef-repond-au-second-report-de-lenquete-sur-la-mort-de-terry-baker\\\/\"},\"author\":{\"name\":\"Jackie Omstead\",\"@id\":\"https:\\\/\\\/caefs.ca\\\/fr\\\/#\\\/schema\\\/person\\\/cecc86ff46fdc00e6e6714d7e5a33959\"},\"headline\":\"Communiqu\u00e9 de presse: L\u2019ACSEF r\u00e9pond au second report de l\u2019enqu\u00eate sur la mort de Terry Baker\",\"datePublished\":\"2023-04-11T13:27:07+00:00\",\"dateModified\":\"2023-04-11T13:27:08+00:00\",\"mainEntityOfPage\":{\"@id\":\"https:\\\/\\\/caefs.ca\\\/fr\\\/communique-de-presse-lacsef-repond-au-second-report-de-lenquete-sur-la-mort-de-terry-baker\\\/\"},\"wordCount\":239,\"articleSection\":[\"Non classifi\u00e9(e)\"],\"inLanguage\":\"fr-FR\"},{\"@type\":\"WebPage\",\"@id\":\"https:\\\/\\\/caefs.ca\\\/fr\\\/communique-de-presse-lacsef-repond-au-second-report-de-lenquete-sur-la-mort-de-terry-baker\\\/\",\"url\":\"https:\\\/\\\/caefs.ca\\\/fr\\\/communique-de-presse-lacsef-repond-au-second-report-de-lenquete-sur-la-mort-de-terry-baker\\\/\",\"name\":\"Communiqu\u00e9 de presse: L\u2019ACSEF r\u00e9pond au second report de l\u2019enqu\u00eate sur la mort de Terry Baker - ACSEF\",\"isPartOf\":{\"@id\":\"https:\\\/\\\/caefs.ca\\\/fr\\\/#website\"},\"datePublished\":\"2023-04-11T13:27:07+00:00\",\"dateModified\":\"2023-04-11T13:27:08+00:00\",\"author\":{\"@id\":\"https:\\\/\\\/caefs.ca\\\/fr\\\/#\\\/schema\\\/person\\\/cecc86ff46fdc00e6e6714d7e5a33959\"},\"breadcrumb\":{\"@id\":\"https:\\\/\\\/caefs.ca\\\/fr\\\/communique-de-presse-lacsef-repond-au-second-report-de-lenquete-sur-la-mort-de-terry-baker\\\/#breadcrumb\"},\"inLanguage\":\"fr-FR\",\"potentialAction\":[{\"@type\":\"ReadAction\",\"target\":[\"https:\\\/\\\/caefs.ca\\\/fr\\\/communique-de-presse-lacsef-repond-au-second-report-de-lenquete-sur-la-mort-de-terry-baker\\\/\"]}]},{\"@type\":\"BreadcrumbList\",\"@id\":\"https:\\\/\\\/caefs.ca\\\/fr\\\/communique-de-presse-lacsef-repond-au-second-report-de-lenquete-sur-la-mort-de-terry-baker\\\/#breadcrumb\",\"itemListElement\":[{\"@type\":\"ListItem\",\"position\":1,\"name\":\"Accueil\",\"item\":\"https:\\\/\\\/caefs.ca\\\/fr\\\/\"},{\"@type\":\"ListItem\",\"position\":2,\"name\":\"Communiqu\u00e9 de presse: L\u2019ACSEF r\u00e9pond au second report de l\u2019enqu\u00eate sur la mort de Terry Baker\"}]},{\"@type\":\"WebSite\",\"@id\":\"https:\\\/\\\/caefs.ca\\\/fr\\\/#website\",\"url\":\"https:\\\/\\\/caefs.ca\\\/fr\\\/\",\"name\":\"ACSEF\",\"description\":\"Just another WordPress site\",\"potentialAction\":[{\"@type\":\"SearchAction\",\"target\":{\"@type\":\"EntryPoint\",\"urlTemplate\":\"https:\\\/\\\/caefs.ca\\\/fr\\\/?s={search_term_string}\"},\"query-input\":{\"@type\":\"PropertyValueSpecification\",\"valueRequired\":true,\"valueName\":\"search_term_string\"}}],\"inLanguage\":\"fr-FR\"},{\"@type\":\"Person\",\"@id\":\"https:\\\/\\\/caefs.ca\\\/fr\\\/#\\\/schema\\\/person\\\/cecc86ff46fdc00e6e6714d7e5a33959\",\"name\":\"Jackie Omstead\",\"image\":{\"@type\":\"ImageObject\",\"inLanguage\":\"fr-FR\",\"@id\":\"https:\\\/\\\/secure.gravatar.com\\\/avatar\\\/f26bb669201f2fad39efad2d8e364bea14b17296d05c0ac31301c8a4688ff2ce?s=96&d=mm&r=g\",\"url\":\"https:\\\/\\\/secure.gravatar.com\\\/avatar\\\/f26bb669201f2fad39efad2d8e364bea14b17296d05c0ac31301c8a4688ff2ce?s=96&d=mm&r=g\",\"contentUrl\":\"https:\\\/\\\/secure.gravatar.com\\\/avatar\\\/f26bb669201f2fad39efad2d8e364bea14b17296d05c0ac31301c8a4688ff2ce?s=96&d=mm&r=g\",\"caption\":\"Jackie Omstead\"},\"url\":\"https:\\\/\\\/caefs.ca\\\/fr\\\/author\\\/jomstead\\\/\"}]}<\/script>\n<!-- \/ Yoast SEO plugin. -->","yoast_head_json":{"title":"Communiqu\u00e9 de presse: L\u2019ACSEF r\u00e9pond au second report de l\u2019enqu\u00eate sur la mort de Terry Baker - ACSEF","robots":{"index":"index","follow":"follow","max-snippet":"max-snippet:-1","max-image-preview":"max-image-preview:large","max-video-preview":"max-video-preview:-1"},"canonical":"https:\/\/caefs.ca\/fr\/communique-de-presse-lacsef-repond-au-second-report-de-lenquete-sur-la-mort-de-terry-baker\/","og_locale":"fr_FR","og_type":"article","og_title":"Communiqu\u00e9 de presse: L\u2019ACSEF r\u00e9pond au second report de l\u2019enqu\u00eate sur la mort de Terry Baker - ACSEF","og_description":"Ottawa (Ontario), le mardi 11 avril 2023 \u2013 Aujourd\u2019hui devait commencer l\u2019enqu\u00eate sur la mort de Terry Baker, une jeune femme d\u00e9c\u00e9d\u00e9e en 2016 au cours de son incarc\u00e9ration \u00e0 [&hellip;]","og_url":"https:\/\/caefs.ca\/fr\/communique-de-presse-lacsef-repond-au-second-report-de-lenquete-sur-la-mort-de-terry-baker\/","og_site_name":"ACSEF","article_published_time":"2023-04-11T13:27:07+00:00","article_modified_time":"2023-04-11T13:27:08+00:00","author":"Jackie Omstead","twitter_card":"summary_large_image","twitter_misc":{"\u00c9crit par":"Jackie Omstead","Dur\u00e9e de lecture estim\u00e9e":"1 minute"},"schema":{"@context":"https:\/\/schema.org","@graph":[{"@type":"Article","@id":"https:\/\/caefs.ca\/fr\/communique-de-presse-lacsef-repond-au-second-report-de-lenquete-sur-la-mort-de-terry-baker\/#article","isPartOf":{"@id":"https:\/\/caefs.ca\/fr\/communique-de-presse-lacsef-repond-au-second-report-de-lenquete-sur-la-mort-de-terry-baker\/"},"author":{"name":"Jackie Omstead","@id":"https:\/\/caefs.ca\/fr\/#\/schema\/person\/cecc86ff46fdc00e6e6714d7e5a33959"},"headline":"Communiqu\u00e9 de presse: L\u2019ACSEF r\u00e9pond au second report de l\u2019enqu\u00eate sur la mort de Terry Baker","datePublished":"2023-04-11T13:27:07+00:00","dateModified":"2023-04-11T13:27:08+00:00","mainEntityOfPage":{"@id":"https:\/\/caefs.ca\/fr\/communique-de-presse-lacsef-repond-au-second-report-de-lenquete-sur-la-mort-de-terry-baker\/"},"wordCount":239,"articleSection":["Non classifi\u00e9(e)"],"inLanguage":"fr-FR"},{"@type":"WebPage","@id":"https:\/\/caefs.ca\/fr\/communique-de-presse-lacsef-repond-au-second-report-de-lenquete-sur-la-mort-de-terry-baker\/","url":"https:\/\/caefs.ca\/fr\/communique-de-presse-lacsef-repond-au-second-report-de-lenquete-sur-la-mort-de-terry-baker\/","name":"Communiqu\u00e9 de presse: L\u2019ACSEF r\u00e9pond au second report de l\u2019enqu\u00eate sur la mort de Terry Baker - ACSEF","isPartOf":{"@id":"https:\/\/caefs.ca\/fr\/#website"},"datePublished":"2023-04-11T13:27:07+00:00","dateModified":"2023-04-11T13:27:08+00:00","author":{"@id":"https:\/\/caefs.ca\/fr\/#\/schema\/person\/cecc86ff46fdc00e6e6714d7e5a33959"},"breadcrumb":{"@id":"https:\/\/caefs.ca\/fr\/communique-de-presse-lacsef-repond-au-second-report-de-lenquete-sur-la-mort-de-terry-baker\/#breadcrumb"},"inLanguage":"fr-FR","potentialAction":[{"@type":"ReadAction","target":["https:\/\/caefs.ca\/fr\/communique-de-presse-lacsef-repond-au-second-report-de-lenquete-sur-la-mort-de-terry-baker\/"]}]},{"@type":"BreadcrumbList","@id":"https:\/\/caefs.ca\/fr\/communique-de-presse-lacsef-repond-au-second-report-de-lenquete-sur-la-mort-de-terry-baker\/#breadcrumb","itemListElement":[{"@type":"ListItem","position":1,"name":"Accueil","item":"https:\/\/caefs.ca\/fr\/"},{"@type":"ListItem","position":2,"name":"Communiqu\u00e9 de presse: L\u2019ACSEF r\u00e9pond au second report de l\u2019enqu\u00eate sur la mort de Terry Baker"}]},{"@type":"WebSite","@id":"https:\/\/caefs.ca\/fr\/#website","url":"https:\/\/caefs.ca\/fr\/","name":"ACSEF","description":"Just another WordPress site","potentialAction":[{"@type":"SearchAction","target":{"@type":"EntryPoint","urlTemplate":"https:\/\/caefs.ca\/fr\/?s={search_term_string}"},"query-input":{"@type":"PropertyValueSpecification","valueRequired":true,"valueName":"search_term_string"}}],"inLanguage":"fr-FR"},{"@type":"Person","@id":"https:\/\/caefs.ca\/fr\/#\/schema\/person\/cecc86ff46fdc00e6e6714d7e5a33959","name":"Jackie Omstead","image":{"@type":"ImageObject","inLanguage":"fr-FR","@id":"https:\/\/secure.gravatar.com\/avatar\/f26bb669201f2fad39efad2d8e364bea14b17296d05c0ac31301c8a4688ff2ce?s=96&d=mm&r=g","url":"https:\/\/secure.gravatar.com\/avatar\/f26bb669201f2fad39efad2d8e364bea14b17296d05c0ac31301c8a4688ff2ce?s=96&d=mm&r=g","contentUrl":"https:\/\/secure.gravatar.com\/avatar\/f26bb669201f2fad39efad2d8e364bea14b17296d05c0ac31301c8a4688ff2ce?s=96&d=mm&r=g","caption":"Jackie Omstead"},"url":"https:\/\/caefs.ca\/fr\/author\/jomstead\/"}]}},"_links":{"self":[{"href":"https:\/\/caefs.ca\/fr\/wp-json\/wp\/v2\/posts\/6103","targetHints":{"allow":["GET"]}}],"collection":[{"href":"https:\/\/caefs.ca\/fr\/wp-json\/wp\/v2\/posts"}],"about":[{"href":"https:\/\/caefs.ca\/fr\/wp-json\/wp\/v2\/types\/post"}],"author":[{"embeddable":true,"href":"https:\/\/caefs.ca\/fr\/wp-json\/wp\/v2\/users\/3"}],"replies":[{"embeddable":true,"href":"https:\/\/caefs.ca\/fr\/wp-json\/wp\/v2\/comments?post=6103"}],"version-history":[{"count":3,"href":"https:\/\/caefs.ca\/fr\/wp-json\/wp\/v2\/posts\/6103\/revisions"}],"predecessor-version":[{"id":6106,"href":"https:\/\/caefs.ca\/fr\/wp-json\/wp\/v2\/posts\/6103\/revisions\/6106"}],"wp:attachment":[{"href":"https:\/\/caefs.ca\/fr\/wp-json\/wp\/v2\/media?parent=6103"}],"wp:term":[{"taxonomy":"category","embeddable":true,"href":"https:\/\/caefs.ca\/fr\/wp-json\/wp\/v2\/category?post=6103"},{"taxonomy":"post_tag","embeddable":true,"href":"https:\/\/caefs.ca\/fr\/wp-json\/wp\/v2\/tags?post=6103"}],"curies":[{"name":"wp","href":"https:\/\/api.w.org\/{rel}","templated":true}]}}