{"id":6133,"date":"2023-04-17T11:19:40","date_gmt":"2023-04-17T15:19:40","guid":{"rendered":"https:\/\/caefs.ca\/?p=6133"},"modified":"2023-04-17T11:19:41","modified_gmt":"2023-04-17T15:19:41","slug":"annonce-de-la-semaine-elizabeth-fry-2023","status":"publish","type":"post","link":"https:\/\/caefs.ca\/fr\/annonce-de-la-semaine-elizabeth-fry-2023\/","title":{"rendered":"Annonce de la Semaine Elizabeth Fry 2023"},"content":{"rendered":"\n<figure class=\"wp-block-image size-large\"><img loading=\"lazy\" decoding=\"async\" width=\"1024\" height=\"512\" src=\"https:\/\/caefs.ca\/wp-content\/uploads\/2023\/04\/EFry-Week-2023-Eventbrite-Banner-1024x512.png\" alt=\"\" class=\"wp-image-6125\" srcset=\"https:\/\/caefs.ca\/wp-content\/uploads\/2023\/04\/EFry-Week-2023-Eventbrite-Banner-1024x512.png 1024w, https:\/\/caefs.ca\/wp-content\/uploads\/2023\/04\/EFry-Week-2023-Eventbrite-Banner-300x150.png 300w, https:\/\/caefs.ca\/wp-content\/uploads\/2023\/04\/EFry-Week-2023-Eventbrite-Banner-768x384.png 768w, https:\/\/caefs.ca\/wp-content\/uploads\/2023\/04\/EFry-Week-2023-Eventbrite-Banner-1536x768.png 1536w, https:\/\/caefs.ca\/wp-content\/uploads\/2023\/04\/EFry-Week-2023-Eventbrite-Banner-2048x1024.png 2048w, https:\/\/caefs.ca\/wp-content\/uploads\/2023\/04\/EFry-Week-2023-Eventbrite-Banner-1600x800.png 1600w, https:\/\/caefs.ca\/wp-content\/uploads\/2023\/04\/EFry-Week-2023-Eventbrite-Banner-400x200.png 400w\" sizes=\"auto, (max-width: 1024px) 100vw, 1024px\" \/><\/figure>\n\n\n\n<div style=\"height:50px\" aria-hidden=\"true\" class=\"wp-block-spacer\"><\/div>\n\n\n\n<p>L&rsquo;objectif de la semaine Elizabeth Fry est de sensibiliser et d&rsquo;\u00e9duquer le public sur les questions relatives aux femmes et aux personnes de genres divers qui sont criminalis\u00e9es et marginalis\u00e9es. La Semaine Elizabeth Fry 2023 sera consacr\u00e9e au th\u00e8me \u00ab Comprendre la lib\u00e9ration conditionnelle \u00bb.<\/p>\n\n\n\n<p>Le cadre juridique de la lib\u00e9ration conditionnelle et le v\u00e9cu des personnes concern\u00e9es sont tr\u00e8s peu compris par le grand public canadien. Cette m\u00e9connaissance entra\u00eene une couverture m\u00e9diatique sensationnaliste et se pr\u00eate \u00e0 des r\u00e9formes l\u00e9gislatives r\u00e9actionnaires. Cette Semaine Elizabeth Fry sera l\u2019occasion d\u2019am\u00e9liorer la compr\u00e9hension du public et d\u2019\u00e9largir le discours sur la lib\u00e9ration conditionnelle et les personnes concern\u00e9es.<\/p>\n\n\n\n<p><strong>Pourquoi s&rsquo;agit-il d&rsquo;un enjeu de l&rsquo;heure? <\/strong><\/p>\n\n\n\n<p>L\u2019ACSEF s\u2019inqui\u00e8te de la pr\u00e9valence de certains cas rares et sensationnels dans le discours public. De tels r\u00e9cits conduisent souvent \u00e0 des politiques et des r\u00e9formes l\u00e9gislatives r\u00e9actionnaires qui touchent directement et \u00e0 long terme la vie de toutes les personnes en libert\u00e9 conditionnelle. Au cours de cette Semaine Elizabeth Fry, nous sensibiliserons le public \u00e0 cet enjeu et pr\u00e9senterons les c\u00f4t\u00e9s positifs de la lib\u00e9ration conditionnelle, en nous basant sur des donn\u00e9es probantes et en mettant en lumi\u00e8re le parcours inspirant de nombreuses personnes du r\u00e9seau de l\u2019ACSEF qui, bien qu\u2019elles soient en libert\u00e9 conditionnelle, sont de v\u00e9ritables piliers de leurs communaut\u00e9s. Nous nous pencherons \u00e9galement sur les d\u00e9fis et les obstacles auxquels sont actuellement confront\u00e9es les personnes en libert\u00e9 conditionnelle, surtout dans un contexte o\u00f9 la lib\u00e9ration conditionnelle et les services correctionnels communautaires sont de plus en plus restrictifs et punitifs.<\/p>\n\n\n\n<div style=\"height:50px\" aria-hidden=\"true\" class=\"wp-block-spacer\"><\/div>\n\n\n\n<h2 class=\"wp-block-heading\">Rejoignez-nous !<\/h2>\n\n\n\n<p>Nous vous invitons \u00e0 rejoindre l\u2019ACSEF pour deux \u00e9v\u00e9nements en direct qui contribueront \u00e0 la r\u00e9alisation de cet objectif ! Et restez \u00e0 l\u2019\u00e9coute de notre site web ou suivez #EFryWeek 2023 pour plus de d\u00e9tails !<\/p>\n\n\n\n<h3 class=\"wp-block-heading\"><strong><u>Comprendre la lib\u00e9ration conditionnelle&nbsp;: conversation avec l\u2019ACSEF et la Commission des lib\u00e9rations conditionnelles du Canada&nbsp;<\/u><\/strong><\/h3>\n\n\n\n<p><strong>Mercredi 10 mai de 1500 \u00e0 16h30 HE<\/strong><\/p>\n\n\n\n<p><strong>Description:<\/strong>&nbsp;En raison d\u2019une couverture m\u00e9diatique sensationnaliste et de certains discours politiques, on tente encore au Canada de faire passer des r\u00e9formes r\u00e9actionnaires du syst\u00e8me de lib\u00e9ration conditionnelle afin de \u00ab&nbsp;s\u00e9vir contre la criminalit\u00e9&nbsp;\u00bb.&nbsp;On accorde cependant peu d\u2019attention aux causes profondes des maux sociaux, aux cons\u00e9quences de la pand\u00e9mie et, de surcro\u00eet, aux multiples d\u00e9faillances des syst\u00e8mes sociaux, tant avant que pendant la criminalisation.&nbsp;Par cons\u00e9quent, la lib\u00e9ration conditionnelle est souvent mal repr\u00e9sent\u00e9e et consid\u00e9r\u00e9e comme devant faire l\u2019objet de r\u00e9formes plus punitives.<\/p>\n\n\n\n<p>Nous vous invitons \u00e0 vous joindre \u00e0 l\u2019Association canadienne des Soci\u00e9t\u00e9s Elizabeth&nbsp;Fry et \u00e0 la Commission des lib\u00e9rations conditionnelles du Canada (CLCC) pour une r\u00e9flexion approfondie qui permettra de sensibiliser le public au contexte juridique et social de la lib\u00e9ration conditionnelle au Canada, ainsi qu\u2019\u00e0 ses objectifs, sa fonction et son \u00e9volution.&nbsp;<\/p>\n\n\n\n<p><strong>Collaboratrices&nbsp;:<\/strong>&nbsp;Jennifer&nbsp;Oades (pr\u00e9sidente de la CLCC), Sylvie&nbsp;Blanchet (premi\u00e8re vice-pr\u00e9sidente de la CLCC), nyki&nbsp;kish (directrice g\u00e9n\u00e9rale adjointe de l\u2019ACSEF) et&nbsp;Emilie&nbsp;Coyle (directrice g\u00e9n\u00e9rale de l\u2019ACSEF)&nbsp;<\/p>\n\n\n\n<div class=\"wp-block-buttons is-layout-flex wp-block-buttons-is-layout-flex\">\n<div class=\"wp-block-button\"><a class=\"wp-block-button__link wp-element-button\" href=\"https:\/\/www.eventbrite.ca\/e\/understanding-parole-with-caefs-and-the-parole-board-of-canada-tickets-617045909927\">Inscrivez-vous ici<\/a><\/div>\n<\/div>\n\n\n\n<div style=\"height:50px\" aria-hidden=\"true\" class=\"wp-block-spacer\"><\/div>\n\n\n\n<h3 class=\"wp-block-heading\"><strong><u>R\u00e9insertion dans la collectivit\u00e9&nbsp;: les partenariats entre la communaut\u00e9 et l\u2019universit\u00e9&nbsp;<\/u><\/strong><\/h3>\n\n\n\n<p><strong>Vendredi 12 mai de 1500 \u00e0 16h30 HE<\/strong><\/p>\n\n\n\n<p><strong>Description&nbsp;:&nbsp;<\/strong>Les pan\u00e9listes discuteront des processus de collaboration entre la communaut\u00e9 et le milieu acad\u00e9mique auxquels elles et ils prennent part afin de cr\u00e9er des partenariats de r\u00e9flexion sur les obstacles \u00e0 la r\u00e9insertion auxquels sont confront\u00e9es les personnes en libert\u00e9 conditionnelle. Ce type de partenariat s\u2019efforce d\u2019aller plus loin que le geste traditionnel consistant \u00e0 \u00ab&nbsp;donner la parole&nbsp;\u00bb aux personnes poss\u00e9dant les savoirs exp\u00e9rientiels. Les personnes impliqu\u00e9es essayent plut\u00f4t de promouvoir le leadership au sein de la communaut\u00e9, la production collaborative de connaissances et les solutions politiques r\u00e9alisables.&nbsp;<\/p>\n\n\n\n<p><strong>Collaboratrices&nbsp;:&nbsp;<\/strong>Cathee&nbsp;Porter, Ed&nbsp;Dante, Tamara&nbsp;Humphrey, Audrey&nbsp;Yap, Patrick&nbsp;Falle et Bristol&nbsp;Hobson&nbsp;<\/p>\n\n\n\n<div class=\"wp-block-buttons is-layout-flex wp-block-buttons-is-layout-flex\">\n<div class=\"wp-block-button\"><a class=\"wp-block-button__link wp-element-button\" href=\"https:\/\/www.eventbrite.ca\/e\/stories-of-re-entry-a-community-academic-partnership-tickets-615670636447\">Inscrivez-vous ici<\/a><\/div>\n<\/div>\n\n\n\n<div style=\"height:100px\" aria-hidden=\"true\" class=\"wp-block-spacer\"><\/div>\n","protected":false},"excerpt":{"rendered":"<p>L&rsquo;objectif de la semaine Elizabeth Fry est de sensibiliser et d&rsquo;\u00e9duquer le public sur les questions relatives aux femmes et aux personnes de genres divers qui sont criminalis\u00e9es et marginalis\u00e9es. [&hellip;]<\/p>\n","protected":false},"author":3,"featured_media":0,"comment_status":"closed","ping_status":"closed","sticky":false,"template":"","format":"standard","meta":{"_acf_changed":false,"om_disable_all_campaigns":false,"_monsterinsights_skip_tracking":false,"_monsterinsights_sitenote_active":false,"_monsterinsights_sitenote_note":"","_monsterinsights_sitenote_category":0,"footnotes":""},"category":[8],"tags":[],"class_list":["post-6133","post","type-post","status-publish","format-standard","hentry","category-non-classifiee"],"acf":[],"aioseo_notices":[],"yoast_head":"<!-- This site is optimized with the Yoast SEO plugin v27.4 - https:\/\/yoast.com\/product\/yoast-seo-wordpress\/ -->\n<title>Annonce de la Semaine Elizabeth Fry 2023 - ACSEF<\/title>\n<meta name=\"robots\" content=\"index, follow, max-snippet:-1, max-image-preview:large, max-video-preview:-1\" \/>\n<link rel=\"canonical\" href=\"https:\/\/caefs.ca\/fr\/annonce-de-la-semaine-elizabeth-fry-2023\/\" \/>\n<meta property=\"og:locale\" content=\"fr_FR\" \/>\n<meta property=\"og:type\" content=\"article\" \/>\n<meta property=\"og:title\" content=\"Annonce de la Semaine Elizabeth Fry 2023 - ACSEF\" \/>\n<meta property=\"og:description\" content=\"L&rsquo;objectif de la semaine Elizabeth Fry est de sensibiliser et d&rsquo;\u00e9duquer le public sur les questions relatives aux femmes et aux personnes de genres divers qui sont criminalis\u00e9es et marginalis\u00e9es. [&hellip;]\" \/>\n<meta property=\"og:url\" content=\"https:\/\/caefs.ca\/fr\/annonce-de-la-semaine-elizabeth-fry-2023\/\" \/>\n<meta property=\"og:site_name\" content=\"ACSEF\" \/>\n<meta property=\"article:published_time\" content=\"2023-04-17T15:19:40+00:00\" \/>\n<meta property=\"article:modified_time\" content=\"2023-04-17T15:19:41+00:00\" \/>\n<meta property=\"og:image\" content=\"https:\/\/caefs.ca\/wp-content\/uploads\/2023\/04\/EFry-Week-2023-Eventbrite-Banner-1024x512.png\" \/>\n<meta name=\"author\" content=\"Jackie Omstead\" \/>\n<meta name=\"twitter:card\" content=\"summary_large_image\" \/>\n<meta name=\"twitter:label1\" content=\"\u00c9crit par\" \/>\n\t<meta name=\"twitter:data1\" content=\"Jackie Omstead\" \/>\n\t<meta name=\"twitter:label2\" content=\"Dur\u00e9e de lecture estim\u00e9e\" \/>\n\t<meta name=\"twitter:data2\" content=\"3 minutes\" \/>\n<script type=\"application\/ld+json\" class=\"yoast-schema-graph\">{\"@context\":\"https:\\\/\\\/schema.org\",\"@graph\":[{\"@type\":\"Article\",\"@id\":\"https:\\\/\\\/caefs.ca\\\/fr\\\/annonce-de-la-semaine-elizabeth-fry-2023\\\/#article\",\"isPartOf\":{\"@id\":\"https:\\\/\\\/caefs.ca\\\/fr\\\/annonce-de-la-semaine-elizabeth-fry-2023\\\/\"},\"author\":{\"name\":\"Jackie Omstead\",\"@id\":\"https:\\\/\\\/caefs.ca\\\/fr\\\/#\\\/schema\\\/person\\\/cecc86ff46fdc00e6e6714d7e5a33959\"},\"headline\":\"Annonce de la Semaine Elizabeth Fry 2023\",\"datePublished\":\"2023-04-17T15:19:40+00:00\",\"dateModified\":\"2023-04-17T15:19:41+00:00\",\"mainEntityOfPage\":{\"@id\":\"https:\\\/\\\/caefs.ca\\\/fr\\\/annonce-de-la-semaine-elizabeth-fry-2023\\\/\"},\"wordCount\":730,\"image\":{\"@id\":\"https:\\\/\\\/caefs.ca\\\/fr\\\/annonce-de-la-semaine-elizabeth-fry-2023\\\/#primaryimage\"},\"thumbnailUrl\":\"https:\\\/\\\/caefs.ca\\\/wp-content\\\/uploads\\\/2023\\\/04\\\/EFry-Week-2023-Eventbrite-Banner-1024x512.png\",\"articleSection\":[\"Non classifi\u00e9(e)\"],\"inLanguage\":\"fr-FR\"},{\"@type\":\"WebPage\",\"@id\":\"https:\\\/\\\/caefs.ca\\\/fr\\\/annonce-de-la-semaine-elizabeth-fry-2023\\\/\",\"url\":\"https:\\\/\\\/caefs.ca\\\/fr\\\/annonce-de-la-semaine-elizabeth-fry-2023\\\/\",\"name\":\"Annonce de la Semaine Elizabeth Fry 2023 - ACSEF\",\"isPartOf\":{\"@id\":\"https:\\\/\\\/caefs.ca\\\/fr\\\/#website\"},\"primaryImageOfPage\":{\"@id\":\"https:\\\/\\\/caefs.ca\\\/fr\\\/annonce-de-la-semaine-elizabeth-fry-2023\\\/#primaryimage\"},\"image\":{\"@id\":\"https:\\\/\\\/caefs.ca\\\/fr\\\/annonce-de-la-semaine-elizabeth-fry-2023\\\/#primaryimage\"},\"thumbnailUrl\":\"https:\\\/\\\/caefs.ca\\\/wp-content\\\/uploads\\\/2023\\\/04\\\/EFry-Week-2023-Eventbrite-Banner-1024x512.png\",\"datePublished\":\"2023-04-17T15:19:40+00:00\",\"dateModified\":\"2023-04-17T15:19:41+00:00\",\"author\":{\"@id\":\"https:\\\/\\\/caefs.ca\\\/fr\\\/#\\\/schema\\\/person\\\/cecc86ff46fdc00e6e6714d7e5a33959\"},\"breadcrumb\":{\"@id\":\"https:\\\/\\\/caefs.ca\\\/fr\\\/annonce-de-la-semaine-elizabeth-fry-2023\\\/#breadcrumb\"},\"inLanguage\":\"fr-FR\",\"potentialAction\":[{\"@type\":\"ReadAction\",\"target\":[\"https:\\\/\\\/caefs.ca\\\/fr\\\/annonce-de-la-semaine-elizabeth-fry-2023\\\/\"]}]},{\"@type\":\"ImageObject\",\"inLanguage\":\"fr-FR\",\"@id\":\"https:\\\/\\\/caefs.ca\\\/fr\\\/annonce-de-la-semaine-elizabeth-fry-2023\\\/#primaryimage\",\"url\":\"https:\\\/\\\/caefs.ca\\\/wp-content\\\/uploads\\\/2023\\\/04\\\/EFry-Week-2023-Eventbrite-Banner-1024x512.png\",\"contentUrl\":\"https:\\\/\\\/caefs.ca\\\/wp-content\\\/uploads\\\/2023\\\/04\\\/EFry-Week-2023-Eventbrite-Banner-1024x512.png\"},{\"@type\":\"BreadcrumbList\",\"@id\":\"https:\\\/\\\/caefs.ca\\\/fr\\\/annonce-de-la-semaine-elizabeth-fry-2023\\\/#breadcrumb\",\"itemListElement\":[{\"@type\":\"ListItem\",\"position\":1,\"name\":\"Accueil\",\"item\":\"https:\\\/\\\/caefs.ca\\\/fr\\\/\"},{\"@type\":\"ListItem\",\"position\":2,\"name\":\"Annonce de la Semaine Elizabeth Fry 2023\"}]},{\"@type\":\"WebSite\",\"@id\":\"https:\\\/\\\/caefs.ca\\\/fr\\\/#website\",\"url\":\"https:\\\/\\\/caefs.ca\\\/fr\\\/\",\"name\":\"ACSEF\",\"description\":\"Just another WordPress site\",\"potentialAction\":[{\"@type\":\"SearchAction\",\"target\":{\"@type\":\"EntryPoint\",\"urlTemplate\":\"https:\\\/\\\/caefs.ca\\\/fr\\\/?s={search_term_string}\"},\"query-input\":{\"@type\":\"PropertyValueSpecification\",\"valueRequired\":true,\"valueName\":\"search_term_string\"}}],\"inLanguage\":\"fr-FR\"},{\"@type\":\"Person\",\"@id\":\"https:\\\/\\\/caefs.ca\\\/fr\\\/#\\\/schema\\\/person\\\/cecc86ff46fdc00e6e6714d7e5a33959\",\"name\":\"Jackie Omstead\",\"image\":{\"@type\":\"ImageObject\",\"inLanguage\":\"fr-FR\",\"@id\":\"https:\\\/\\\/secure.gravatar.com\\\/avatar\\\/f26bb669201f2fad39efad2d8e364bea14b17296d05c0ac31301c8a4688ff2ce?s=96&d=mm&r=g\",\"url\":\"https:\\\/\\\/secure.gravatar.com\\\/avatar\\\/f26bb669201f2fad39efad2d8e364bea14b17296d05c0ac31301c8a4688ff2ce?s=96&d=mm&r=g\",\"contentUrl\":\"https:\\\/\\\/secure.gravatar.com\\\/avatar\\\/f26bb669201f2fad39efad2d8e364bea14b17296d05c0ac31301c8a4688ff2ce?s=96&d=mm&r=g\",\"caption\":\"Jackie Omstead\"},\"url\":\"https:\\\/\\\/caefs.ca\\\/fr\\\/author\\\/jomstead\\\/\"}]}<\/script>\n<!-- \/ Yoast SEO plugin. -->","yoast_head_json":{"title":"Annonce de la Semaine Elizabeth Fry 2023 - ACSEF","robots":{"index":"index","follow":"follow","max-snippet":"max-snippet:-1","max-image-preview":"max-image-preview:large","max-video-preview":"max-video-preview:-1"},"canonical":"https:\/\/caefs.ca\/fr\/annonce-de-la-semaine-elizabeth-fry-2023\/","og_locale":"fr_FR","og_type":"article","og_title":"Annonce de la Semaine Elizabeth Fry 2023 - ACSEF","og_description":"L&rsquo;objectif de la semaine Elizabeth Fry est de sensibiliser et d&rsquo;\u00e9duquer le public sur les questions relatives aux femmes et aux personnes de genres divers qui sont criminalis\u00e9es et marginalis\u00e9es. [&hellip;]","og_url":"https:\/\/caefs.ca\/fr\/annonce-de-la-semaine-elizabeth-fry-2023\/","og_site_name":"ACSEF","article_published_time":"2023-04-17T15:19:40+00:00","article_modified_time":"2023-04-17T15:19:41+00:00","og_image":[{"url":"https:\/\/caefs.ca\/wp-content\/uploads\/2023\/04\/EFry-Week-2023-Eventbrite-Banner-1024x512.png","type":"","width":"","height":""}],"author":"Jackie Omstead","twitter_card":"summary_large_image","twitter_misc":{"\u00c9crit par":"Jackie Omstead","Dur\u00e9e de lecture estim\u00e9e":"3 minutes"},"schema":{"@context":"https:\/\/schema.org","@graph":[{"@type":"Article","@id":"https:\/\/caefs.ca\/fr\/annonce-de-la-semaine-elizabeth-fry-2023\/#article","isPartOf":{"@id":"https:\/\/caefs.ca\/fr\/annonce-de-la-semaine-elizabeth-fry-2023\/"},"author":{"name":"Jackie Omstead","@id":"https:\/\/caefs.ca\/fr\/#\/schema\/person\/cecc86ff46fdc00e6e6714d7e5a33959"},"headline":"Annonce de la Semaine Elizabeth Fry 2023","datePublished":"2023-04-17T15:19:40+00:00","dateModified":"2023-04-17T15:19:41+00:00","mainEntityOfPage":{"@id":"https:\/\/caefs.ca\/fr\/annonce-de-la-semaine-elizabeth-fry-2023\/"},"wordCount":730,"image":{"@id":"https:\/\/caefs.ca\/fr\/annonce-de-la-semaine-elizabeth-fry-2023\/#primaryimage"},"thumbnailUrl":"https:\/\/caefs.ca\/wp-content\/uploads\/2023\/04\/EFry-Week-2023-Eventbrite-Banner-1024x512.png","articleSection":["Non classifi\u00e9(e)"],"inLanguage":"fr-FR"},{"@type":"WebPage","@id":"https:\/\/caefs.ca\/fr\/annonce-de-la-semaine-elizabeth-fry-2023\/","url":"https:\/\/caefs.ca\/fr\/annonce-de-la-semaine-elizabeth-fry-2023\/","name":"Annonce de la Semaine Elizabeth Fry 2023 - ACSEF","isPartOf":{"@id":"https:\/\/caefs.ca\/fr\/#website"},"primaryImageOfPage":{"@id":"https:\/\/caefs.ca\/fr\/annonce-de-la-semaine-elizabeth-fry-2023\/#primaryimage"},"image":{"@id":"https:\/\/caefs.ca\/fr\/annonce-de-la-semaine-elizabeth-fry-2023\/#primaryimage"},"thumbnailUrl":"https:\/\/caefs.ca\/wp-content\/uploads\/2023\/04\/EFry-Week-2023-Eventbrite-Banner-1024x512.png","datePublished":"2023-04-17T15:19:40+00:00","dateModified":"2023-04-17T15:19:41+00:00","author":{"@id":"https:\/\/caefs.ca\/fr\/#\/schema\/person\/cecc86ff46fdc00e6e6714d7e5a33959"},"breadcrumb":{"@id":"https:\/\/caefs.ca\/fr\/annonce-de-la-semaine-elizabeth-fry-2023\/#breadcrumb"},"inLanguage":"fr-FR","potentialAction":[{"@type":"ReadAction","target":["https:\/\/caefs.ca\/fr\/annonce-de-la-semaine-elizabeth-fry-2023\/"]}]},{"@type":"ImageObject","inLanguage":"fr-FR","@id":"https:\/\/caefs.ca\/fr\/annonce-de-la-semaine-elizabeth-fry-2023\/#primaryimage","url":"https:\/\/caefs.ca\/wp-content\/uploads\/2023\/04\/EFry-Week-2023-Eventbrite-Banner-1024x512.png","contentUrl":"https:\/\/caefs.ca\/wp-content\/uploads\/2023\/04\/EFry-Week-2023-Eventbrite-Banner-1024x512.png"},{"@type":"BreadcrumbList","@id":"https:\/\/caefs.ca\/fr\/annonce-de-la-semaine-elizabeth-fry-2023\/#breadcrumb","itemListElement":[{"@type":"ListItem","position":1,"name":"Accueil","item":"https:\/\/caefs.ca\/fr\/"},{"@type":"ListItem","position":2,"name":"Annonce de la Semaine Elizabeth Fry 2023"}]},{"@type":"WebSite","@id":"https:\/\/caefs.ca\/fr\/#website","url":"https:\/\/caefs.ca\/fr\/","name":"ACSEF","description":"Just another WordPress site","potentialAction":[{"@type":"SearchAction","target":{"@type":"EntryPoint","urlTemplate":"https:\/\/caefs.ca\/fr\/?s={search_term_string}"},"query-input":{"@type":"PropertyValueSpecification","valueRequired":true,"valueName":"search_term_string"}}],"inLanguage":"fr-FR"},{"@type":"Person","@id":"https:\/\/caefs.ca\/fr\/#\/schema\/person\/cecc86ff46fdc00e6e6714d7e5a33959","name":"Jackie Omstead","image":{"@type":"ImageObject","inLanguage":"fr-FR","@id":"https:\/\/secure.gravatar.com\/avatar\/f26bb669201f2fad39efad2d8e364bea14b17296d05c0ac31301c8a4688ff2ce?s=96&d=mm&r=g","url":"https:\/\/secure.gravatar.com\/avatar\/f26bb669201f2fad39efad2d8e364bea14b17296d05c0ac31301c8a4688ff2ce?s=96&d=mm&r=g","contentUrl":"https:\/\/secure.gravatar.com\/avatar\/f26bb669201f2fad39efad2d8e364bea14b17296d05c0ac31301c8a4688ff2ce?s=96&d=mm&r=g","caption":"Jackie Omstead"},"url":"https:\/\/caefs.ca\/fr\/author\/jomstead\/"}]}},"_links":{"self":[{"href":"https:\/\/caefs.ca\/fr\/wp-json\/wp\/v2\/posts\/6133","targetHints":{"allow":["GET"]}}],"collection":[{"href":"https:\/\/caefs.ca\/fr\/wp-json\/wp\/v2\/posts"}],"about":[{"href":"https:\/\/caefs.ca\/fr\/wp-json\/wp\/v2\/types\/post"}],"author":[{"embeddable":true,"href":"https:\/\/caefs.ca\/fr\/wp-json\/wp\/v2\/users\/3"}],"replies":[{"embeddable":true,"href":"https:\/\/caefs.ca\/fr\/wp-json\/wp\/v2\/comments?post=6133"}],"version-history":[{"count":2,"href":"https:\/\/caefs.ca\/fr\/wp-json\/wp\/v2\/posts\/6133\/revisions"}],"predecessor-version":[{"id":6135,"href":"https:\/\/caefs.ca\/fr\/wp-json\/wp\/v2\/posts\/6133\/revisions\/6135"}],"wp:attachment":[{"href":"https:\/\/caefs.ca\/fr\/wp-json\/wp\/v2\/media?parent=6133"}],"wp:term":[{"taxonomy":"category","embeddable":true,"href":"https:\/\/caefs.ca\/fr\/wp-json\/wp\/v2\/category?post=6133"},{"taxonomy":"post_tag","embeddable":true,"href":"https:\/\/caefs.ca\/fr\/wp-json\/wp\/v2\/tags?post=6133"}],"curies":[{"name":"wp","href":"https:\/\/api.w.org\/{rel}","templated":true}]}}