{"id":6182,"date":"2023-05-08T08:45:00","date_gmt":"2023-05-08T12:45:00","guid":{"rendered":"https:\/\/caefs.ca\/?p=6182"},"modified":"2023-05-09T15:08:00","modified_gmt":"2023-05-09T19:08:00","slug":"day-one-elizabeth-fry-week-2023","status":"publish","type":"post","link":"https:\/\/caefs.ca\/fr\/day-one-elizabeth-fry-week-2023\/","title":{"rendered":"Jour 1 : Semaine Elizabeth Fry 2023"},"content":{"rendered":"\n<figure class=\"wp-block-image size-large\"><img loading=\"lazy\" decoding=\"async\" width=\"1024\" height=\"512\" src=\"https:\/\/caefs.ca\/wp-content\/uploads\/2023\/05\/Elizabeth-Fry-Week-2023-1-1-1024x512.png\" alt=\"\" class=\"wp-image-6199\" srcset=\"https:\/\/caefs.ca\/wp-content\/uploads\/2023\/05\/Elizabeth-Fry-Week-2023-1-1-1024x512.png 1024w, https:\/\/caefs.ca\/wp-content\/uploads\/2023\/05\/Elizabeth-Fry-Week-2023-1-1-300x150.png 300w, https:\/\/caefs.ca\/wp-content\/uploads\/2023\/05\/Elizabeth-Fry-Week-2023-1-1-768x384.png 768w, https:\/\/caefs.ca\/wp-content\/uploads\/2023\/05\/Elizabeth-Fry-Week-2023-1-1-1536x768.png 1536w, https:\/\/caefs.ca\/wp-content\/uploads\/2023\/05\/Elizabeth-Fry-Week-2023-1-1-2048x1024.png 2048w, https:\/\/caefs.ca\/wp-content\/uploads\/2023\/05\/Elizabeth-Fry-Week-2023-1-1-1600x800.png 1600w, https:\/\/caefs.ca\/wp-content\/uploads\/2023\/05\/Elizabeth-Fry-Week-2023-1-1-400x200.png 400w\" sizes=\"auto, (max-width: 1024px) 100vw, 1024px\" \/><\/figure>\n\n\n\n<div style=\"height:100px\" aria-hidden=\"true\" class=\"wp-block-spacer\"><\/div>\n\n\n\n<p><strong>Bienvenue \u00e0 la Semaine Elizabeth Fry 2023!<\/strong><\/p>\n\n\n\n<p>La Semaine Elizabeth Fry 2023 sera consacr\u00e9e au th\u00e8me \u00ab Comprendre la lib\u00e9ration conditionnelle \u00bb.<\/p>\n\n\n\n<p>Le cadre juridique de la lib\u00e9ration conditionnelle et le v\u00e9cu des personnes concern\u00e9es sont tr\u00e8s peu compris par le grand public canadien. Cette m\u00e9connaissance entra\u00eene une couverture m\u00e9diatique sensationnaliste et se pr\u00eate \u00e0 des r\u00e9formes l\u00e9gislatives r\u00e9actionnaires et pr\u00e9judiciables.<\/p>\n\n\n\n<p>Poursuivez votre lecture pour d\u00e9couvrir nos \u00e9v\u00e9nements de la semaine et pour en savoir plus sur cet enjeu crucial.<\/p>\n\n\n\n<div style=\"height:45px\" aria-hidden=\"true\" class=\"wp-block-spacer\"><\/div>\n\n\n\n<div style=\"height:0px\" aria-hidden=\"true\" class=\"wp-block-spacer\"><\/div>\n\n\n\n<h2 class=\"wp-block-heading\"><strong>Bienvenue<\/strong><\/h2>\n\n\n\n<p>Emilie Coyle, directrice g\u00e9n\u00e9rale de l\u2019ACSEF, pr\u00e9sente la Semaine Elizabeth Fry et explique pourquoi il est important de s\u2019int\u00e9resser aujourd\u2019hui au th\u00e8me \u00ab Comprendre la lib\u00e9ration conditionnelle \u00bb<\/p>\n\n\n\n<figure class=\"wp-block-embed is-type-video is-provider-youtube wp-block-embed-youtube wp-embed-aspect-16-9 wp-has-aspect-ratio\"><div class=\"wp-block-embed__wrapper\">\n<iframe loading=\"lazy\" title=\"Welcome to Elizabeth Fry Week 2023\" width=\"500\" height=\"281\" src=\"https:\/\/www.youtube.com\/embed\/smK8j2zm6D4?feature=oembed\" frameborder=\"0\" allow=\"accelerometer; autoplay; clipboard-write; encrypted-media; gyroscope; picture-in-picture; web-share\" referrerpolicy=\"strict-origin-when-cross-origin\" allowfullscreen><\/iframe>\n<\/div><figcaption class=\"wp-element-caption\">Regardez la vid\u00e9o sur YouTube pour acc\u00e9der aux sous-titres en anglais ou en fran\u00e7ais.<\/figcaption><\/figure>\n\n\n\n<div style=\"height:45px\" aria-hidden=\"true\" class=\"wp-block-spacer\"><\/div>\n\n\n\n<h2 class=\"wp-block-heading\">Portraits de membres de la communaut\u00e9<\/h2>\n\n\n\n<p>Cette Semaine Elizabeth Fry est l\u2019occasion d\u2019am\u00e9liorer la compr\u00e9hension du public et d\u2019\u00e9largir le discours sur la lib\u00e9ration conditionnelle et les personnes concern\u00e9es. Au cours de cette Semaine Elizabeth Fry, nous sensibiliserons le public \u00e0 cet enjeu et pr\u00e9senterons les c\u00f4t\u00e9s positifs de la lib\u00e9ration conditionnelle, en nous basant sur des donn\u00e9es probantes et en mettant en lumi\u00e8re le parcours inspirant de nombreuses personnes du r\u00e9seau de l\u2019ACSEF qui ont v\u00e9cu une lib\u00e9ration conditionnelle et qui sont des piliers de leur communaut\u00e9.<\/p>\n\n\n\n<p>Pour commencer, nous vous pr\u00e9sentons Melissa.<\/p>\n\n\n\n<figure class=\"wp-block-embed is-type-video is-provider-youtube wp-block-embed-youtube wp-embed-aspect-16-9 wp-has-aspect-ratio\"><div class=\"wp-block-embed__wrapper\">\n<iframe loading=\"lazy\" title=\"Melissa&#039;s Community Spotlight\" width=\"500\" height=\"281\" src=\"https:\/\/www.youtube.com\/embed\/tAXxGq50Xtk?feature=oembed\" frameborder=\"0\" allow=\"accelerometer; autoplay; clipboard-write; encrypted-media; gyroscope; picture-in-picture; web-share\" referrerpolicy=\"strict-origin-when-cross-origin\" allowfullscreen><\/iframe>\n<\/div><figcaption class=\"wp-element-caption\">Regardez la vid\u00e9o sur YouTube pour acc\u00e9der aux sous-titres en anglais ou en fran\u00e7ais.<\/figcaption><\/figure>\n\n\n\n<p>Restez \u00e0 l\u2019\u00e9coute pour d\u00e9couvrir d\u2019autres personnes incroyables avec lesquelles l\u2019ACSEF a l\u2019honneur d\u2019\u00eatre en relation.<\/p>\n\n\n\n<div style=\"height:45px\" aria-hidden=\"true\" class=\"wp-block-spacer\"><\/div>\n\n\n\n<h2 class=\"wp-block-heading\">\u00c9v\u00e9nements virtuels en direct<\/h2>\n\n\n\n<p>Nous organisons deux \u00e9v\u00e9nements en direct, auxquels nous vous invitons \u00e0 vous inscrire d\u00e8s aujourd\u2019hui!<\/p>\n\n\n\n<p><strong>Comprendre la lib\u00e9ration conditionnelle : conversation avec l\u2019ACSEF et la Commission des lib\u00e9rations conditionnelles du Canada<\/strong><\/p>\n\n\n\n<p>Joignez-vous \u00e0 l\u2019Association canadienne des Soci\u00e9t\u00e9s Elizabeth Fry et \u00e0 la Commission des lib\u00e9rations conditionnelles du Canada (CLCC) pour une r\u00e9flexion approfondie qui permettra de<\/p>\n\n\n\n<p>sensibiliser le public au contexte juridique et social de la lib\u00e9ration conditionnelle au Canada, ainsi qu\u2019\u00e0 ses objectifs, sa fonction et son \u00e9volution.<\/p>\n\n\n\n<p>Collaboratrices : Jennifer Oades (pr\u00e9sidente de la CLCC), Sylvie Blanchet (premi\u00e8re vice-pr\u00e9sidente de la CLCC), nyki kish (directrice g\u00e9n\u00e9rale adjointe de l\u2019ACSEF) et Emilie Coyle (directrice g\u00e9n\u00e9rale de l\u2019ACSEF). Date et heure : Mercredi 10 mai, 15 h-16 h 30 HE <a href=\"https:\/\/www.worldtimebuddy.com\/?qm=1&amp;lid=6167865,6324729,6173331,5946768&amp;h=5946768&amp;date=2023-5-10&amp;sln=13-14.5&amp;hf=1\" target=\"_blank\" rel=\"noreferrer noopener\">(cliquez ici pour v\u00e9rifier les autres fuseaux). <\/a><\/p>\n\n\n\n<p>Date et heure : Mercredi 10 mai, 15 h-16 h 30 HE (cliquez ici pour v\u00e9rifier les autres fuseaux<\/p>\n\n\n\n<div class=\"wp-block-buttons is-layout-flex wp-block-buttons-is-layout-flex\">\n<div class=\"wp-block-button\"><a class=\"wp-block-button__link wp-element-button\" href=\"https:\/\/www.eventbrite.ca\/e\/understanding-parole-with-caefs-and-the-parole-board-of-canada-tickets-617045909927\" target=\"_blank\" rel=\"noreferrer noopener\">Inscription<\/a><\/div>\n<\/div>\n\n\n\n<div style=\"height:45px\" aria-hidden=\"true\" class=\"wp-block-spacer\"><\/div>\n\n\n\n<p><strong>R\u00e9cits de r\u00e9insertion : les partenariats entre la communaut\u00e9 et l\u2019universit\u00e9<\/strong><\/p>\n\n\n\n<p>Les pan\u00e9listes discuteront des processus de collaboration entre la communaut\u00e9 et le milieu acad\u00e9mique auxquels elles et ils prennent part afin de cr\u00e9er des partenariats de r\u00e9flexion sur les obstacles \u00e0 la r\u00e9insertion auxquels sont confront\u00e9es les personnes en libert\u00e9 conditionnelle. Ce type de partenariat s\u2019efforce d\u2019aller plus loin que le geste traditionnel consistant \u00e0 \u00ab donner la parole \u00bb aux personnes poss\u00e9dant les savoirs exp\u00e9rientiels. Les personnes impliqu\u00e9es essayent plut\u00f4t de promouvoir le leadership au sein de la communaut\u00e9, la production collaborative de connaissances et les solutions politiques r\u00e9alisables.<\/p>\n\n\n\n<p>Collaboratrices : Cathee Porter, Ed Dante, Tamara Humphrey, Audrey Yap, Patrick Falle et Bristol Hobson<\/p>\n\n\n\n<p>Date et heure : Vendredi 12 mai, 15 h-16 h 30 HE (<a href=\"https:\/\/www.worldtimebuddy.com\/?qm=1&amp;lid=6167865,6324729,6173331,5946768&amp;h=5946768&amp;date=2023-5-12&amp;sln=13-14.5&amp;hf=1\">cliquez ici pour v\u00e9rifier les autres fuseaux horaires<\/a>)<\/p>\n\n\n\n<div class=\"wp-block-buttons is-layout-flex wp-block-buttons-is-layout-flex\">\n<div class=\"wp-block-button\"><a class=\"wp-block-button__link wp-element-button\" href=\"https:\/\/www.eventbrite.ca\/e\/stories-of-re-entry-a-community-academic-partnership-tickets-615670636447\" target=\"_blank\" rel=\"noreferrer noopener\">Inscription<\/a><\/div>\n<\/div>\n\n\n\n<div style=\"height:45px\" aria-hidden=\"true\" class=\"wp-block-spacer\"><\/div>\n\n\n\n<h2 class=\"wp-block-heading\">Apprentissage continu<\/h2>\n\n\n\n<p>Chaque jour de la semaine, vous pourrez en savoir plus sur la lib\u00e9ration conditionnelle en consultant notre site ou en nous suivant sur les m\u00e9dias sociaux. Nous donnerons de l\u2019information sur la lib\u00e9ration conditionnelle et d\u00e9monterons certaines id\u00e9es re\u00e7ues.<\/p>\n\n\n\n<div style=\"height:45px\" aria-hidden=\"true\" class=\"wp-block-spacer\"><\/div>\n\n\n\n<h2 class=\"wp-block-heading\">\u00c0 l\u2019\u00e9chelle locale<\/h2>\n\n\n\n<p>Merci \u00e0 nos Soci\u00e9t\u00e9s membres d\u2019appuyer et de faire rayonner le th\u00e8me de cette ann\u00e9e! Vous pouvez communiquer avec votre Soci\u00e9t\u00e9 Elizabeth Fry locale pour conna\u00eetre ses propres \u00e9v\u00e9nements de la semaine et savoir comment y participer. <\/p>\n\n\n\n<p>Vous trouverez la liste compl\u00e8te de nos Soci\u00e9t\u00e9s membres <a href=\"https:\/\/caefs.ca\/fr\/our-local-member-societies\/\" target=\"_blank\" rel=\"noreferrer noopener\">ici.<\/a><\/p>\n\n\n\n<div style=\"height:100px\" aria-hidden=\"true\" class=\"wp-block-spacer\"><\/div>\n","protected":false},"excerpt":{"rendered":"<p>Bienvenue \u00e0 la Semaine Elizabeth Fry 2023! La Semaine Elizabeth Fry 2023 sera consacr\u00e9e au th\u00e8me \u00ab Comprendre la lib\u00e9ration conditionnelle \u00bb. Le cadre juridique de la lib\u00e9ration conditionnelle et [&hellip;]<\/p>\n","protected":false},"author":3,"featured_media":0,"comment_status":"closed","ping_status":"closed","sticky":false,"template":"","format":"standard","meta":{"_acf_changed":false,"om_disable_all_campaigns":false,"_monsterinsights_skip_tracking":false,"_monsterinsights_sitenote_active":false,"_monsterinsights_sitenote_note":"","_monsterinsights_sitenote_category":0,"footnotes":""},"category":[8],"tags":[],"class_list":["post-6182","post","type-post","status-publish","format-standard","hentry","category-non-classifiee"],"acf":[],"aioseo_notices":[],"yoast_head":"<!-- This site is optimized with the Yoast SEO plugin v27.4 - https:\/\/yoast.com\/product\/yoast-seo-wordpress\/ -->\n<title>Jour 1 : Semaine Elizabeth Fry 2023 - ACSEF<\/title>\n<meta name=\"robots\" content=\"index, follow, max-snippet:-1, max-image-preview:large, max-video-preview:-1\" \/>\n<link rel=\"canonical\" href=\"https:\/\/caefs.ca\/fr\/day-one-elizabeth-fry-week-2023\/\" \/>\n<meta property=\"og:locale\" content=\"fr_FR\" \/>\n<meta property=\"og:type\" content=\"article\" \/>\n<meta property=\"og:title\" content=\"Jour 1 : Semaine Elizabeth Fry 2023 - ACSEF\" \/>\n<meta property=\"og:description\" content=\"Bienvenue \u00e0 la Semaine Elizabeth Fry 2023! La Semaine Elizabeth Fry 2023 sera consacr\u00e9e au th\u00e8me \u00ab Comprendre la lib\u00e9ration conditionnelle \u00bb. Le cadre juridique de la lib\u00e9ration conditionnelle et [&hellip;]\" \/>\n<meta property=\"og:url\" content=\"https:\/\/caefs.ca\/fr\/day-one-elizabeth-fry-week-2023\/\" \/>\n<meta property=\"og:site_name\" content=\"ACSEF\" \/>\n<meta property=\"article:published_time\" content=\"2023-05-08T12:45:00+00:00\" \/>\n<meta property=\"article:modified_time\" content=\"2023-05-09T19:08:00+00:00\" \/>\n<meta property=\"og:image\" content=\"https:\/\/caefs.ca\/wp-content\/uploads\/2023\/05\/Elizabeth-Fry-Week-2023-1-1-1024x512.png\" \/>\n<meta name=\"author\" content=\"Jackie Omstead\" \/>\n<meta name=\"twitter:card\" content=\"summary_large_image\" \/>\n<meta name=\"twitter:label1\" content=\"\u00c9crit par\" \/>\n\t<meta name=\"twitter:data1\" content=\"Jackie Omstead\" \/>\n\t<meta name=\"twitter:label2\" content=\"Dur\u00e9e de lecture estim\u00e9e\" \/>\n\t<meta name=\"twitter:data2\" content=\"3 minutes\" \/>\n<script type=\"application\/ld+json\" class=\"yoast-schema-graph\">{\"@context\":\"https:\\\/\\\/schema.org\",\"@graph\":[{\"@type\":\"Article\",\"@id\":\"https:\\\/\\\/caefs.ca\\\/fr\\\/day-one-elizabeth-fry-week-2023\\\/#article\",\"isPartOf\":{\"@id\":\"https:\\\/\\\/caefs.ca\\\/fr\\\/day-one-elizabeth-fry-week-2023\\\/\"},\"author\":{\"name\":\"Jackie Omstead\",\"@id\":\"https:\\\/\\\/caefs.ca\\\/fr\\\/#\\\/schema\\\/person\\\/cecc86ff46fdc00e6e6714d7e5a33959\"},\"headline\":\"Jour 1 : Semaine Elizabeth Fry 2023\",\"datePublished\":\"2023-05-08T12:45:00+00:00\",\"dateModified\":\"2023-05-09T19:08:00+00:00\",\"mainEntityOfPage\":{\"@id\":\"https:\\\/\\\/caefs.ca\\\/fr\\\/day-one-elizabeth-fry-week-2023\\\/\"},\"wordCount\":729,\"image\":{\"@id\":\"https:\\\/\\\/caefs.ca\\\/fr\\\/day-one-elizabeth-fry-week-2023\\\/#primaryimage\"},\"thumbnailUrl\":\"https:\\\/\\\/caefs.ca\\\/wp-content\\\/uploads\\\/2023\\\/05\\\/Elizabeth-Fry-Week-2023-1-1-1024x512.png\",\"articleSection\":[\"Non classifi\u00e9(e)\"],\"inLanguage\":\"fr-FR\"},{\"@type\":\"WebPage\",\"@id\":\"https:\\\/\\\/caefs.ca\\\/fr\\\/day-one-elizabeth-fry-week-2023\\\/\",\"url\":\"https:\\\/\\\/caefs.ca\\\/fr\\\/day-one-elizabeth-fry-week-2023\\\/\",\"name\":\"Jour 1 : Semaine Elizabeth Fry 2023 - ACSEF\",\"isPartOf\":{\"@id\":\"https:\\\/\\\/caefs.ca\\\/fr\\\/#website\"},\"primaryImageOfPage\":{\"@id\":\"https:\\\/\\\/caefs.ca\\\/fr\\\/day-one-elizabeth-fry-week-2023\\\/#primaryimage\"},\"image\":{\"@id\":\"https:\\\/\\\/caefs.ca\\\/fr\\\/day-one-elizabeth-fry-week-2023\\\/#primaryimage\"},\"thumbnailUrl\":\"https:\\\/\\\/caefs.ca\\\/wp-content\\\/uploads\\\/2023\\\/05\\\/Elizabeth-Fry-Week-2023-1-1-1024x512.png\",\"datePublished\":\"2023-05-08T12:45:00+00:00\",\"dateModified\":\"2023-05-09T19:08:00+00:00\",\"author\":{\"@id\":\"https:\\\/\\\/caefs.ca\\\/fr\\\/#\\\/schema\\\/person\\\/cecc86ff46fdc00e6e6714d7e5a33959\"},\"breadcrumb\":{\"@id\":\"https:\\\/\\\/caefs.ca\\\/fr\\\/day-one-elizabeth-fry-week-2023\\\/#breadcrumb\"},\"inLanguage\":\"fr-FR\",\"potentialAction\":[{\"@type\":\"ReadAction\",\"target\":[\"https:\\\/\\\/caefs.ca\\\/fr\\\/day-one-elizabeth-fry-week-2023\\\/\"]}]},{\"@type\":\"ImageObject\",\"inLanguage\":\"fr-FR\",\"@id\":\"https:\\\/\\\/caefs.ca\\\/fr\\\/day-one-elizabeth-fry-week-2023\\\/#primaryimage\",\"url\":\"https:\\\/\\\/caefs.ca\\\/wp-content\\\/uploads\\\/2023\\\/05\\\/Elizabeth-Fry-Week-2023-1-1-1024x512.png\",\"contentUrl\":\"https:\\\/\\\/caefs.ca\\\/wp-content\\\/uploads\\\/2023\\\/05\\\/Elizabeth-Fry-Week-2023-1-1-1024x512.png\"},{\"@type\":\"BreadcrumbList\",\"@id\":\"https:\\\/\\\/caefs.ca\\\/fr\\\/day-one-elizabeth-fry-week-2023\\\/#breadcrumb\",\"itemListElement\":[{\"@type\":\"ListItem\",\"position\":1,\"name\":\"Accueil\",\"item\":\"https:\\\/\\\/caefs.ca\\\/fr\\\/\"},{\"@type\":\"ListItem\",\"position\":2,\"name\":\"Jour 1 : Semaine Elizabeth Fry 2023\"}]},{\"@type\":\"WebSite\",\"@id\":\"https:\\\/\\\/caefs.ca\\\/fr\\\/#website\",\"url\":\"https:\\\/\\\/caefs.ca\\\/fr\\\/\",\"name\":\"ACSEF\",\"description\":\"Just another WordPress site\",\"potentialAction\":[{\"@type\":\"SearchAction\",\"target\":{\"@type\":\"EntryPoint\",\"urlTemplate\":\"https:\\\/\\\/caefs.ca\\\/fr\\\/?s={search_term_string}\"},\"query-input\":{\"@type\":\"PropertyValueSpecification\",\"valueRequired\":true,\"valueName\":\"search_term_string\"}}],\"inLanguage\":\"fr-FR\"},{\"@type\":\"Person\",\"@id\":\"https:\\\/\\\/caefs.ca\\\/fr\\\/#\\\/schema\\\/person\\\/cecc86ff46fdc00e6e6714d7e5a33959\",\"name\":\"Jackie Omstead\",\"image\":{\"@type\":\"ImageObject\",\"inLanguage\":\"fr-FR\",\"@id\":\"https:\\\/\\\/secure.gravatar.com\\\/avatar\\\/f26bb669201f2fad39efad2d8e364bea14b17296d05c0ac31301c8a4688ff2ce?s=96&d=mm&r=g\",\"url\":\"https:\\\/\\\/secure.gravatar.com\\\/avatar\\\/f26bb669201f2fad39efad2d8e364bea14b17296d05c0ac31301c8a4688ff2ce?s=96&d=mm&r=g\",\"contentUrl\":\"https:\\\/\\\/secure.gravatar.com\\\/avatar\\\/f26bb669201f2fad39efad2d8e364bea14b17296d05c0ac31301c8a4688ff2ce?s=96&d=mm&r=g\",\"caption\":\"Jackie Omstead\"},\"url\":\"https:\\\/\\\/caefs.ca\\\/fr\\\/author\\\/jomstead\\\/\"}]}<\/script>\n<!-- \/ Yoast SEO plugin. -->","yoast_head_json":{"title":"Jour 1 : Semaine Elizabeth Fry 2023 - ACSEF","robots":{"index":"index","follow":"follow","max-snippet":"max-snippet:-1","max-image-preview":"max-image-preview:large","max-video-preview":"max-video-preview:-1"},"canonical":"https:\/\/caefs.ca\/fr\/day-one-elizabeth-fry-week-2023\/","og_locale":"fr_FR","og_type":"article","og_title":"Jour 1 : Semaine Elizabeth Fry 2023 - ACSEF","og_description":"Bienvenue \u00e0 la Semaine Elizabeth Fry 2023! La Semaine Elizabeth Fry 2023 sera consacr\u00e9e au th\u00e8me \u00ab Comprendre la lib\u00e9ration conditionnelle \u00bb. Le cadre juridique de la lib\u00e9ration conditionnelle et [&hellip;]","og_url":"https:\/\/caefs.ca\/fr\/day-one-elizabeth-fry-week-2023\/","og_site_name":"ACSEF","article_published_time":"2023-05-08T12:45:00+00:00","article_modified_time":"2023-05-09T19:08:00+00:00","og_image":[{"url":"https:\/\/caefs.ca\/wp-content\/uploads\/2023\/05\/Elizabeth-Fry-Week-2023-1-1-1024x512.png","type":"","width":"","height":""}],"author":"Jackie Omstead","twitter_card":"summary_large_image","twitter_misc":{"\u00c9crit par":"Jackie Omstead","Dur\u00e9e de lecture estim\u00e9e":"3 minutes"},"schema":{"@context":"https:\/\/schema.org","@graph":[{"@type":"Article","@id":"https:\/\/caefs.ca\/fr\/day-one-elizabeth-fry-week-2023\/#article","isPartOf":{"@id":"https:\/\/caefs.ca\/fr\/day-one-elizabeth-fry-week-2023\/"},"author":{"name":"Jackie Omstead","@id":"https:\/\/caefs.ca\/fr\/#\/schema\/person\/cecc86ff46fdc00e6e6714d7e5a33959"},"headline":"Jour 1 : Semaine Elizabeth Fry 2023","datePublished":"2023-05-08T12:45:00+00:00","dateModified":"2023-05-09T19:08:00+00:00","mainEntityOfPage":{"@id":"https:\/\/caefs.ca\/fr\/day-one-elizabeth-fry-week-2023\/"},"wordCount":729,"image":{"@id":"https:\/\/caefs.ca\/fr\/day-one-elizabeth-fry-week-2023\/#primaryimage"},"thumbnailUrl":"https:\/\/caefs.ca\/wp-content\/uploads\/2023\/05\/Elizabeth-Fry-Week-2023-1-1-1024x512.png","articleSection":["Non classifi\u00e9(e)"],"inLanguage":"fr-FR"},{"@type":"WebPage","@id":"https:\/\/caefs.ca\/fr\/day-one-elizabeth-fry-week-2023\/","url":"https:\/\/caefs.ca\/fr\/day-one-elizabeth-fry-week-2023\/","name":"Jour 1 : Semaine Elizabeth Fry 2023 - ACSEF","isPartOf":{"@id":"https:\/\/caefs.ca\/fr\/#website"},"primaryImageOfPage":{"@id":"https:\/\/caefs.ca\/fr\/day-one-elizabeth-fry-week-2023\/#primaryimage"},"image":{"@id":"https:\/\/caefs.ca\/fr\/day-one-elizabeth-fry-week-2023\/#primaryimage"},"thumbnailUrl":"https:\/\/caefs.ca\/wp-content\/uploads\/2023\/05\/Elizabeth-Fry-Week-2023-1-1-1024x512.png","datePublished":"2023-05-08T12:45:00+00:00","dateModified":"2023-05-09T19:08:00+00:00","author":{"@id":"https:\/\/caefs.ca\/fr\/#\/schema\/person\/cecc86ff46fdc00e6e6714d7e5a33959"},"breadcrumb":{"@id":"https:\/\/caefs.ca\/fr\/day-one-elizabeth-fry-week-2023\/#breadcrumb"},"inLanguage":"fr-FR","potentialAction":[{"@type":"ReadAction","target":["https:\/\/caefs.ca\/fr\/day-one-elizabeth-fry-week-2023\/"]}]},{"@type":"ImageObject","inLanguage":"fr-FR","@id":"https:\/\/caefs.ca\/fr\/day-one-elizabeth-fry-week-2023\/#primaryimage","url":"https:\/\/caefs.ca\/wp-content\/uploads\/2023\/05\/Elizabeth-Fry-Week-2023-1-1-1024x512.png","contentUrl":"https:\/\/caefs.ca\/wp-content\/uploads\/2023\/05\/Elizabeth-Fry-Week-2023-1-1-1024x512.png"},{"@type":"BreadcrumbList","@id":"https:\/\/caefs.ca\/fr\/day-one-elizabeth-fry-week-2023\/#breadcrumb","itemListElement":[{"@type":"ListItem","position":1,"name":"Accueil","item":"https:\/\/caefs.ca\/fr\/"},{"@type":"ListItem","position":2,"name":"Jour 1 : Semaine Elizabeth Fry 2023"}]},{"@type":"WebSite","@id":"https:\/\/caefs.ca\/fr\/#website","url":"https:\/\/caefs.ca\/fr\/","name":"ACSEF","description":"Just another WordPress site","potentialAction":[{"@type":"SearchAction","target":{"@type":"EntryPoint","urlTemplate":"https:\/\/caefs.ca\/fr\/?s={search_term_string}"},"query-input":{"@type":"PropertyValueSpecification","valueRequired":true,"valueName":"search_term_string"}}],"inLanguage":"fr-FR"},{"@type":"Person","@id":"https:\/\/caefs.ca\/fr\/#\/schema\/person\/cecc86ff46fdc00e6e6714d7e5a33959","name":"Jackie Omstead","image":{"@type":"ImageObject","inLanguage":"fr-FR","@id":"https:\/\/secure.gravatar.com\/avatar\/f26bb669201f2fad39efad2d8e364bea14b17296d05c0ac31301c8a4688ff2ce?s=96&d=mm&r=g","url":"https:\/\/secure.gravatar.com\/avatar\/f26bb669201f2fad39efad2d8e364bea14b17296d05c0ac31301c8a4688ff2ce?s=96&d=mm&r=g","contentUrl":"https:\/\/secure.gravatar.com\/avatar\/f26bb669201f2fad39efad2d8e364bea14b17296d05c0ac31301c8a4688ff2ce?s=96&d=mm&r=g","caption":"Jackie Omstead"},"url":"https:\/\/caefs.ca\/fr\/author\/jomstead\/"}]}},"_links":{"self":[{"href":"https:\/\/caefs.ca\/fr\/wp-json\/wp\/v2\/posts\/6182","targetHints":{"allow":["GET"]}}],"collection":[{"href":"https:\/\/caefs.ca\/fr\/wp-json\/wp\/v2\/posts"}],"about":[{"href":"https:\/\/caefs.ca\/fr\/wp-json\/wp\/v2\/types\/post"}],"author":[{"embeddable":true,"href":"https:\/\/caefs.ca\/fr\/wp-json\/wp\/v2\/users\/3"}],"replies":[{"embeddable":true,"href":"https:\/\/caefs.ca\/fr\/wp-json\/wp\/v2\/comments?post=6182"}],"version-history":[{"count":20,"href":"https:\/\/caefs.ca\/fr\/wp-json\/wp\/v2\/posts\/6182\/revisions"}],"predecessor-version":[{"id":6319,"href":"https:\/\/caefs.ca\/fr\/wp-json\/wp\/v2\/posts\/6182\/revisions\/6319"}],"wp:attachment":[{"href":"https:\/\/caefs.ca\/fr\/wp-json\/wp\/v2\/media?parent=6182"}],"wp:term":[{"taxonomy":"category","embeddable":true,"href":"https:\/\/caefs.ca\/fr\/wp-json\/wp\/v2\/category?post=6182"},{"taxonomy":"post_tag","embeddable":true,"href":"https:\/\/caefs.ca\/fr\/wp-json\/wp\/v2\/tags?post=6182"}],"curies":[{"name":"wp","href":"https:\/\/api.w.org\/{rel}","templated":true}]}}