{"id":6299,"date":"2023-05-10T08:41:15","date_gmt":"2023-05-10T12:41:15","guid":{"rendered":"https:\/\/caefs.ca\/?p=6299"},"modified":"2023-05-10T08:41:16","modified_gmt":"2023-05-10T12:41:16","slug":"jour-3-semaine-elizabeth-fry-2023","status":"publish","type":"post","link":"https:\/\/caefs.ca\/fr\/jour-3-semaine-elizabeth-fry-2023\/","title":{"rendered":"Jour\u00a03\u00a0: Semaine Elizabeth Fry\u00a02023"},"content":{"rendered":"\n<figure class=\"wp-block-image size-large\"><img loading=\"lazy\" decoding=\"async\" width=\"1024\" height=\"576\" src=\"https:\/\/caefs.ca\/wp-content\/uploads\/2023\/05\/ElizabethFryWeek2023-1-1024x576.png\" alt=\"\" class=\"wp-image-6308\" srcset=\"https:\/\/caefs.ca\/wp-content\/uploads\/2023\/05\/ElizabethFryWeek2023-1-1024x576.png 1024w, https:\/\/caefs.ca\/wp-content\/uploads\/2023\/05\/ElizabethFryWeek2023-1-300x169.png 300w, https:\/\/caefs.ca\/wp-content\/uploads\/2023\/05\/ElizabethFryWeek2023-1-768x432.png 768w, https:\/\/caefs.ca\/wp-content\/uploads\/2023\/05\/ElizabethFryWeek2023-1-1536x864.png 1536w, https:\/\/caefs.ca\/wp-content\/uploads\/2023\/05\/ElizabethFryWeek2023-1-2048x1152.png 2048w, https:\/\/caefs.ca\/wp-content\/uploads\/2023\/05\/ElizabethFryWeek2023-1-1600x900.png 1600w, https:\/\/caefs.ca\/wp-content\/uploads\/2023\/05\/ElizabethFryWeek2023-1-400x225.png 400w\" sizes=\"auto, (max-width: 1024px) 100vw, 1024px\" \/><\/figure>\n\n\n\n<div style=\"height:51px\" aria-hidden=\"true\" class=\"wp-block-spacer\"><\/div>\n\n\n\n<h2 class=\"wp-block-heading\"><strong><strong>\u00c9v\u00e9nement en direct aujourd\u2019hui&nbsp;:<\/strong> Comprendre la lib\u00e9ration conditionnelle : conversation avec l\u2019ACSEF et la Commission des lib\u00e9rations conditionnelles du Canada<\/strong><\/h2>\n\n\n\n<p>Aujourd\u2019hui (12&nbsp;mai), 15&nbsp;h-16&nbsp;h&nbsp;30 HE <a href=\"https:\/\/www.worldtimebuddy.com\/?qm=1&amp;lid=6167865,6324729,6173331,5946768&amp;h=5946768&amp;date=2023-5-10&amp;sln=13-14.5&amp;hf=1\" target=\"_blank\" rel=\"noreferrer noopener\">(cliquez ici pour v\u00e9rifier les autres fuseaux horaires)<\/a><\/p>\n\n\n\n<p>En raison d\u2019une couverture m\u00e9diatique sensationnaliste et de certains discours politiques, on tente encore au Canada de faire passer des r\u00e9formes r\u00e9actionnaires du syst\u00e8me de lib\u00e9ration conditionnelle afin de \u00ab s\u00e9vir contre la criminalit\u00e9 \u00bb. On accorde cependant peu d\u2019attention aux causes profondes des maux sociaux, aux cons\u00e9quences de la pand\u00e9mie et, de surcro\u00eet, aux multiples d\u00e9faillances des syst\u00e8mes sociaux, tant avant que pendant la criminalisation. Par cons\u00e9quent, la lib\u00e9ration conditionnelle est souvent mal repr\u00e9sent\u00e9e et consid\u00e9r\u00e9e comme devant faire l\u2019objet de r\u00e9formes plus punitives.<\/p>\n\n\n\n<p>Nous vous invitons \u00e0 vous joindre \u00e0 l\u2019Association canadienne des Soci\u00e9t\u00e9s Elizabeth Fry et \u00e0 la Commission des lib\u00e9rations conditionnelles du Canada (CLCC) pour une r\u00e9flexion approfondie qui permettra de sensibiliser le public au contexte juridique et social de la lib\u00e9ration conditionnelle au Canada, ainsi qu\u2019\u00e0 ses objectifs, sa fonction et son \u00e9volution.<\/p>\n\n\n\n<p><strong>Collaboratrices :<\/strong>&nbsp;Jennifer Oades (pr\u00e9sidente de la CLCC), Sylvie Blanchet (premi\u00e8re vice-pr\u00e9sidente de la CLCC), nyki kish (directrice g\u00e9n\u00e9rale adjointe de l\u2019ACSEF) et Emilie Coyle (directrice g\u00e9n\u00e9rale de l\u2019ACSEF)<\/p>\n\n\n\n<div class=\"wp-block-buttons is-layout-flex wp-block-buttons-is-layout-flex\">\n<div class=\"wp-block-button\"><a class=\"wp-block-button__link wp-element-button\">Inscription<\/a><\/div>\n<\/div>\n\n\n\n<div style=\"height:50px\" aria-hidden=\"true\" class=\"wp-block-spacer\"><\/div>\n\n\n\n<h2 class=\"wp-block-heading\"><strong>Rencontrez notre paire intervenante<\/strong><\/h2>\n\n\n\n<p>Nous nous r\u00e9jouissons de vous annoncer que l\u2019ACSEF a cr\u00e9\u00e9 un nouveau poste&nbsp;: paire intervenante. Ce poste sera ax\u00e9 sur le soutien et la d\u00e9fense des droits des personnes en libert\u00e9 conditionnelle au Qu\u00e9bec. Il s\u2019inscrit dans le cadre d\u2019un projet pilote ax\u00e9 sur le renforcement de la communaut\u00e9 et l\u2019offre de ressources aux personnes qui se pr\u00e9parent \u00e0 la lib\u00e9ration et au retour en collectivit\u00e9.<\/p>\n\n\n\n<p>Pour en savoir plus sur le poste et sur Johanne, notre formidable paire intervenante&nbsp;:<\/p>\n\n\n\n<figure class=\"wp-block-embed is-type-video is-provider-youtube wp-block-embed-youtube wp-embed-aspect-16-9 wp-has-aspect-ratio\"><div class=\"wp-block-embed__wrapper\">\n<iframe loading=\"lazy\" title=\"Johanne&#039;s Community Spotlight\" width=\"500\" height=\"281\" src=\"https:\/\/www.youtube.com\/embed\/VhAx-FO1Uhk?feature=oembed\" frameborder=\"0\" allow=\"accelerometer; autoplay; clipboard-write; encrypted-media; gyroscope; picture-in-picture; web-share\" referrerpolicy=\"strict-origin-when-cross-origin\" allowfullscreen><\/iframe>\n<\/div><figcaption class=\"wp-element-caption\">Regardez la vid\u00e9o sur YouTube pour acc\u00e9der aux sous-titres anglais ou fran\u00e7ais.<\/figcaption><\/figure>\n\n\n\n<div style=\"height:52px\" aria-hidden=\"true\" class=\"wp-block-spacer\"><\/div>\n\n\n\n<h2 class=\"wp-block-heading\">Le saviez-vous?<\/h2>\n\n\n\n<figure class=\"wp-block-gallery has-nested-images columns-default is-cropped wp-block-gallery-1 is-layout-flex wp-block-gallery-is-layout-flex\">\n<figure class=\"wp-block-image size-large\"><img loading=\"lazy\" decoding=\"async\" width=\"1024\" height=\"1024\" data-id=\"6300\" src=\"https:\/\/caefs.ca\/wp-content\/uploads\/2023\/05\/1-10-1024x1024.png\" alt=\"\" class=\"wp-image-6300\" srcset=\"https:\/\/caefs.ca\/wp-content\/uploads\/2023\/05\/1-10-1024x1024.png 1024w, https:\/\/caefs.ca\/wp-content\/uploads\/2023\/05\/1-10-300x300.png 300w, https:\/\/caefs.ca\/wp-content\/uploads\/2023\/05\/1-10-150x150.png 150w, https:\/\/caefs.ca\/wp-content\/uploads\/2023\/05\/1-10-768x768.png 768w, https:\/\/caefs.ca\/wp-content\/uploads\/2023\/05\/1-10-400x400.png 400w, https:\/\/caefs.ca\/wp-content\/uploads\/2023\/05\/1-10.png 1080w\" sizes=\"auto, (max-width: 1024px) 100vw, 1024px\" \/><\/figure>\n\n\n\n<figure class=\"wp-block-image size-large\"><img loading=\"lazy\" decoding=\"async\" width=\"1024\" height=\"1024\" data-id=\"6305\" src=\"https:\/\/caefs.ca\/wp-content\/uploads\/2023\/05\/2-10-1024x1024.png\" alt=\"\" class=\"wp-image-6305\" srcset=\"https:\/\/caefs.ca\/wp-content\/uploads\/2023\/05\/2-10-1024x1024.png 1024w, https:\/\/caefs.ca\/wp-content\/uploads\/2023\/05\/2-10-300x300.png 300w, https:\/\/caefs.ca\/wp-content\/uploads\/2023\/05\/2-10-150x150.png 150w, https:\/\/caefs.ca\/wp-content\/uploads\/2023\/05\/2-10-768x768.png 768w, https:\/\/caefs.ca\/wp-content\/uploads\/2023\/05\/2-10-400x400.png 400w, https:\/\/caefs.ca\/wp-content\/uploads\/2023\/05\/2-10.png 1080w\" sizes=\"auto, (max-width: 1024px) 100vw, 1024px\" \/><\/figure>\n\n\n\n<figure class=\"wp-block-image size-large\"><img loading=\"lazy\" decoding=\"async\" width=\"1024\" height=\"1024\" data-id=\"6304\" src=\"https:\/\/caefs.ca\/wp-content\/uploads\/2023\/05\/3-9-1024x1024.png\" alt=\"\" class=\"wp-image-6304\" srcset=\"https:\/\/caefs.ca\/wp-content\/uploads\/2023\/05\/3-9-1024x1024.png 1024w, https:\/\/caefs.ca\/wp-content\/uploads\/2023\/05\/3-9-300x300.png 300w, https:\/\/caefs.ca\/wp-content\/uploads\/2023\/05\/3-9-150x150.png 150w, https:\/\/caefs.ca\/wp-content\/uploads\/2023\/05\/3-9-768x768.png 768w, https:\/\/caefs.ca\/wp-content\/uploads\/2023\/05\/3-9-400x400.png 400w, https:\/\/caefs.ca\/wp-content\/uploads\/2023\/05\/3-9.png 1080w\" sizes=\"auto, (max-width: 1024px) 100vw, 1024px\" \/><\/figure>\n\n\n\n<figure class=\"wp-block-image size-large\"><img loading=\"lazy\" decoding=\"async\" width=\"1024\" height=\"1024\" data-id=\"6302\" src=\"https:\/\/caefs.ca\/wp-content\/uploads\/2023\/05\/4-7-1024x1024.png\" alt=\"\" class=\"wp-image-6302\" srcset=\"https:\/\/caefs.ca\/wp-content\/uploads\/2023\/05\/4-7-1024x1024.png 1024w, https:\/\/caefs.ca\/wp-content\/uploads\/2023\/05\/4-7-300x300.png 300w, https:\/\/caefs.ca\/wp-content\/uploads\/2023\/05\/4-7-150x150.png 150w, https:\/\/caefs.ca\/wp-content\/uploads\/2023\/05\/4-7-768x768.png 768w, https:\/\/caefs.ca\/wp-content\/uploads\/2023\/05\/4-7-400x400.png 400w, https:\/\/caefs.ca\/wp-content\/uploads\/2023\/05\/4-7.png 1080w\" sizes=\"auto, (max-width: 1024px) 100vw, 1024px\" \/><\/figure>\n<\/figure>\n\n\n\n<div style=\"height:100px\" aria-hidden=\"true\" class=\"wp-block-spacer\"><\/div>\n","protected":false},"excerpt":{"rendered":"<p>\u00c9v\u00e9nement en direct aujourd\u2019hui&nbsp;: Comprendre la lib\u00e9ration conditionnelle : conversation avec l\u2019ACSEF et la Commission des lib\u00e9rations conditionnelles du Canada Aujourd\u2019hui (12&nbsp;mai), 15&nbsp;h-16&nbsp;h&nbsp;30 HE (cliquez ici pour v\u00e9rifier les autres [&hellip;]<\/p>\n","protected":false},"author":3,"featured_media":0,"comment_status":"closed","ping_status":"closed","sticky":false,"template":"","format":"standard","meta":{"_acf_changed":false,"om_disable_all_campaigns":false,"_monsterinsights_skip_tracking":false,"_monsterinsights_sitenote_active":false,"_monsterinsights_sitenote_note":"","_monsterinsights_sitenote_category":0,"footnotes":""},"category":[8],"tags":[],"class_list":["post-6299","post","type-post","status-publish","format-standard","hentry","category-non-classifiee"],"acf":[],"aioseo_notices":[],"yoast_head":"<!-- This site is optimized with the Yoast SEO plugin v27.4 - https:\/\/yoast.com\/product\/yoast-seo-wordpress\/ -->\n<title>Jour\u00a03\u00a0: Semaine Elizabeth Fry\u00a02023 - ACSEF<\/title>\n<meta name=\"robots\" content=\"index, follow, max-snippet:-1, max-image-preview:large, max-video-preview:-1\" \/>\n<link rel=\"canonical\" href=\"https:\/\/caefs.ca\/fr\/jour-3-semaine-elizabeth-fry-2023\/\" \/>\n<meta property=\"og:locale\" content=\"fr_FR\" \/>\n<meta property=\"og:type\" content=\"article\" \/>\n<meta property=\"og:title\" content=\"Jour\u00a03\u00a0: Semaine Elizabeth Fry\u00a02023 - ACSEF\" \/>\n<meta property=\"og:description\" content=\"\u00c9v\u00e9nement en direct aujourd\u2019hui&nbsp;: Comprendre la lib\u00e9ration conditionnelle : conversation avec l\u2019ACSEF et la Commission des lib\u00e9rations conditionnelles du Canada Aujourd\u2019hui (12&nbsp;mai), 15&nbsp;h-16&nbsp;h&nbsp;30 HE (cliquez ici pour v\u00e9rifier les autres [&hellip;]\" \/>\n<meta property=\"og:url\" content=\"https:\/\/caefs.ca\/fr\/jour-3-semaine-elizabeth-fry-2023\/\" \/>\n<meta property=\"og:site_name\" content=\"ACSEF\" \/>\n<meta property=\"article:published_time\" content=\"2023-05-10T12:41:15+00:00\" \/>\n<meta property=\"article:modified_time\" content=\"2023-05-10T12:41:16+00:00\" \/>\n<meta property=\"og:image\" content=\"https:\/\/caefs.ca\/wp-content\/uploads\/2023\/05\/ElizabethFryWeek2023-1-1024x576.png\" \/>\n<meta name=\"author\" content=\"Jackie Omstead\" \/>\n<meta name=\"twitter:card\" content=\"summary_large_image\" \/>\n<meta name=\"twitter:label1\" content=\"\u00c9crit par\" \/>\n\t<meta name=\"twitter:data1\" content=\"Jackie Omstead\" \/>\n\t<meta name=\"twitter:label2\" content=\"Dur\u00e9e de lecture estim\u00e9e\" \/>\n\t<meta name=\"twitter:data2\" content=\"3 minutes\" \/>\n<script type=\"application\/ld+json\" class=\"yoast-schema-graph\">{\"@context\":\"https:\\\/\\\/schema.org\",\"@graph\":[{\"@type\":\"Article\",\"@id\":\"https:\\\/\\\/caefs.ca\\\/fr\\\/jour-3-semaine-elizabeth-fry-2023\\\/#article\",\"isPartOf\":{\"@id\":\"https:\\\/\\\/caefs.ca\\\/fr\\\/jour-3-semaine-elizabeth-fry-2023\\\/\"},\"author\":{\"name\":\"Jackie Omstead\",\"@id\":\"https:\\\/\\\/caefs.ca\\\/fr\\\/#\\\/schema\\\/person\\\/cecc86ff46fdc00e6e6714d7e5a33959\"},\"headline\":\"Jour\u00a03\u00a0: Semaine Elizabeth Fry\u00a02023\",\"datePublished\":\"2023-05-10T12:41:15+00:00\",\"dateModified\":\"2023-05-10T12:41:16+00:00\",\"mainEntityOfPage\":{\"@id\":\"https:\\\/\\\/caefs.ca\\\/fr\\\/jour-3-semaine-elizabeth-fry-2023\\\/\"},\"wordCount\":366,\"image\":{\"@id\":\"https:\\\/\\\/caefs.ca\\\/fr\\\/jour-3-semaine-elizabeth-fry-2023\\\/#primaryimage\"},\"thumbnailUrl\":\"https:\\\/\\\/caefs.ca\\\/wp-content\\\/uploads\\\/2023\\\/05\\\/ElizabethFryWeek2023-1-1024x576.png\",\"articleSection\":[\"Non classifi\u00e9(e)\"],\"inLanguage\":\"fr-FR\"},{\"@type\":\"WebPage\",\"@id\":\"https:\\\/\\\/caefs.ca\\\/fr\\\/jour-3-semaine-elizabeth-fry-2023\\\/\",\"url\":\"https:\\\/\\\/caefs.ca\\\/fr\\\/jour-3-semaine-elizabeth-fry-2023\\\/\",\"name\":\"Jour\u00a03\u00a0: Semaine Elizabeth Fry\u00a02023 - ACSEF\",\"isPartOf\":{\"@id\":\"https:\\\/\\\/caefs.ca\\\/fr\\\/#website\"},\"primaryImageOfPage\":{\"@id\":\"https:\\\/\\\/caefs.ca\\\/fr\\\/jour-3-semaine-elizabeth-fry-2023\\\/#primaryimage\"},\"image\":{\"@id\":\"https:\\\/\\\/caefs.ca\\\/fr\\\/jour-3-semaine-elizabeth-fry-2023\\\/#primaryimage\"},\"thumbnailUrl\":\"https:\\\/\\\/caefs.ca\\\/wp-content\\\/uploads\\\/2023\\\/05\\\/ElizabethFryWeek2023-1-1024x576.png\",\"datePublished\":\"2023-05-10T12:41:15+00:00\",\"dateModified\":\"2023-05-10T12:41:16+00:00\",\"author\":{\"@id\":\"https:\\\/\\\/caefs.ca\\\/fr\\\/#\\\/schema\\\/person\\\/cecc86ff46fdc00e6e6714d7e5a33959\"},\"breadcrumb\":{\"@id\":\"https:\\\/\\\/caefs.ca\\\/fr\\\/jour-3-semaine-elizabeth-fry-2023\\\/#breadcrumb\"},\"inLanguage\":\"fr-FR\",\"potentialAction\":[{\"@type\":\"ReadAction\",\"target\":[\"https:\\\/\\\/caefs.ca\\\/fr\\\/jour-3-semaine-elizabeth-fry-2023\\\/\"]}]},{\"@type\":\"ImageObject\",\"inLanguage\":\"fr-FR\",\"@id\":\"https:\\\/\\\/caefs.ca\\\/fr\\\/jour-3-semaine-elizabeth-fry-2023\\\/#primaryimage\",\"url\":\"https:\\\/\\\/caefs.ca\\\/wp-content\\\/uploads\\\/2023\\\/05\\\/ElizabethFryWeek2023-1-1024x576.png\",\"contentUrl\":\"https:\\\/\\\/caefs.ca\\\/wp-content\\\/uploads\\\/2023\\\/05\\\/ElizabethFryWeek2023-1-1024x576.png\"},{\"@type\":\"BreadcrumbList\",\"@id\":\"https:\\\/\\\/caefs.ca\\\/fr\\\/jour-3-semaine-elizabeth-fry-2023\\\/#breadcrumb\",\"itemListElement\":[{\"@type\":\"ListItem\",\"position\":1,\"name\":\"Accueil\",\"item\":\"https:\\\/\\\/caefs.ca\\\/fr\\\/\"},{\"@type\":\"ListItem\",\"position\":2,\"name\":\"Jour\u00a03\u00a0: Semaine Elizabeth Fry\u00a02023\"}]},{\"@type\":\"WebSite\",\"@id\":\"https:\\\/\\\/caefs.ca\\\/fr\\\/#website\",\"url\":\"https:\\\/\\\/caefs.ca\\\/fr\\\/\",\"name\":\"ACSEF\",\"description\":\"Just another WordPress site\",\"potentialAction\":[{\"@type\":\"SearchAction\",\"target\":{\"@type\":\"EntryPoint\",\"urlTemplate\":\"https:\\\/\\\/caefs.ca\\\/fr\\\/?s={search_term_string}\"},\"query-input\":{\"@type\":\"PropertyValueSpecification\",\"valueRequired\":true,\"valueName\":\"search_term_string\"}}],\"inLanguage\":\"fr-FR\"},{\"@type\":\"Person\",\"@id\":\"https:\\\/\\\/caefs.ca\\\/fr\\\/#\\\/schema\\\/person\\\/cecc86ff46fdc00e6e6714d7e5a33959\",\"name\":\"Jackie Omstead\",\"image\":{\"@type\":\"ImageObject\",\"inLanguage\":\"fr-FR\",\"@id\":\"https:\\\/\\\/secure.gravatar.com\\\/avatar\\\/f26bb669201f2fad39efad2d8e364bea14b17296d05c0ac31301c8a4688ff2ce?s=96&d=mm&r=g\",\"url\":\"https:\\\/\\\/secure.gravatar.com\\\/avatar\\\/f26bb669201f2fad39efad2d8e364bea14b17296d05c0ac31301c8a4688ff2ce?s=96&d=mm&r=g\",\"contentUrl\":\"https:\\\/\\\/secure.gravatar.com\\\/avatar\\\/f26bb669201f2fad39efad2d8e364bea14b17296d05c0ac31301c8a4688ff2ce?s=96&d=mm&r=g\",\"caption\":\"Jackie Omstead\"},\"url\":\"https:\\\/\\\/caefs.ca\\\/fr\\\/author\\\/jomstead\\\/\"}]}<\/script>\n<!-- \/ Yoast SEO plugin. -->","yoast_head_json":{"title":"Jour\u00a03\u00a0: Semaine Elizabeth Fry\u00a02023 - ACSEF","robots":{"index":"index","follow":"follow","max-snippet":"max-snippet:-1","max-image-preview":"max-image-preview:large","max-video-preview":"max-video-preview:-1"},"canonical":"https:\/\/caefs.ca\/fr\/jour-3-semaine-elizabeth-fry-2023\/","og_locale":"fr_FR","og_type":"article","og_title":"Jour\u00a03\u00a0: Semaine Elizabeth Fry\u00a02023 - ACSEF","og_description":"\u00c9v\u00e9nement en direct aujourd\u2019hui&nbsp;: Comprendre la lib\u00e9ration conditionnelle : conversation avec l\u2019ACSEF et la Commission des lib\u00e9rations conditionnelles du Canada Aujourd\u2019hui (12&nbsp;mai), 15&nbsp;h-16&nbsp;h&nbsp;30 HE (cliquez ici pour v\u00e9rifier les autres [&hellip;]","og_url":"https:\/\/caefs.ca\/fr\/jour-3-semaine-elizabeth-fry-2023\/","og_site_name":"ACSEF","article_published_time":"2023-05-10T12:41:15+00:00","article_modified_time":"2023-05-10T12:41:16+00:00","og_image":[{"url":"https:\/\/caefs.ca\/wp-content\/uploads\/2023\/05\/ElizabethFryWeek2023-1-1024x576.png","type":"","width":"","height":""}],"author":"Jackie Omstead","twitter_card":"summary_large_image","twitter_misc":{"\u00c9crit par":"Jackie Omstead","Dur\u00e9e de lecture estim\u00e9e":"3 minutes"},"schema":{"@context":"https:\/\/schema.org","@graph":[{"@type":"Article","@id":"https:\/\/caefs.ca\/fr\/jour-3-semaine-elizabeth-fry-2023\/#article","isPartOf":{"@id":"https:\/\/caefs.ca\/fr\/jour-3-semaine-elizabeth-fry-2023\/"},"author":{"name":"Jackie Omstead","@id":"https:\/\/caefs.ca\/fr\/#\/schema\/person\/cecc86ff46fdc00e6e6714d7e5a33959"},"headline":"Jour\u00a03\u00a0: Semaine Elizabeth Fry\u00a02023","datePublished":"2023-05-10T12:41:15+00:00","dateModified":"2023-05-10T12:41:16+00:00","mainEntityOfPage":{"@id":"https:\/\/caefs.ca\/fr\/jour-3-semaine-elizabeth-fry-2023\/"},"wordCount":366,"image":{"@id":"https:\/\/caefs.ca\/fr\/jour-3-semaine-elizabeth-fry-2023\/#primaryimage"},"thumbnailUrl":"https:\/\/caefs.ca\/wp-content\/uploads\/2023\/05\/ElizabethFryWeek2023-1-1024x576.png","articleSection":["Non classifi\u00e9(e)"],"inLanguage":"fr-FR"},{"@type":"WebPage","@id":"https:\/\/caefs.ca\/fr\/jour-3-semaine-elizabeth-fry-2023\/","url":"https:\/\/caefs.ca\/fr\/jour-3-semaine-elizabeth-fry-2023\/","name":"Jour\u00a03\u00a0: Semaine Elizabeth Fry\u00a02023 - ACSEF","isPartOf":{"@id":"https:\/\/caefs.ca\/fr\/#website"},"primaryImageOfPage":{"@id":"https:\/\/caefs.ca\/fr\/jour-3-semaine-elizabeth-fry-2023\/#primaryimage"},"image":{"@id":"https:\/\/caefs.ca\/fr\/jour-3-semaine-elizabeth-fry-2023\/#primaryimage"},"thumbnailUrl":"https:\/\/caefs.ca\/wp-content\/uploads\/2023\/05\/ElizabethFryWeek2023-1-1024x576.png","datePublished":"2023-05-10T12:41:15+00:00","dateModified":"2023-05-10T12:41:16+00:00","author":{"@id":"https:\/\/caefs.ca\/fr\/#\/schema\/person\/cecc86ff46fdc00e6e6714d7e5a33959"},"breadcrumb":{"@id":"https:\/\/caefs.ca\/fr\/jour-3-semaine-elizabeth-fry-2023\/#breadcrumb"},"inLanguage":"fr-FR","potentialAction":[{"@type":"ReadAction","target":["https:\/\/caefs.ca\/fr\/jour-3-semaine-elizabeth-fry-2023\/"]}]},{"@type":"ImageObject","inLanguage":"fr-FR","@id":"https:\/\/caefs.ca\/fr\/jour-3-semaine-elizabeth-fry-2023\/#primaryimage","url":"https:\/\/caefs.ca\/wp-content\/uploads\/2023\/05\/ElizabethFryWeek2023-1-1024x576.png","contentUrl":"https:\/\/caefs.ca\/wp-content\/uploads\/2023\/05\/ElizabethFryWeek2023-1-1024x576.png"},{"@type":"BreadcrumbList","@id":"https:\/\/caefs.ca\/fr\/jour-3-semaine-elizabeth-fry-2023\/#breadcrumb","itemListElement":[{"@type":"ListItem","position":1,"name":"Accueil","item":"https:\/\/caefs.ca\/fr\/"},{"@type":"ListItem","position":2,"name":"Jour\u00a03\u00a0: Semaine Elizabeth Fry\u00a02023"}]},{"@type":"WebSite","@id":"https:\/\/caefs.ca\/fr\/#website","url":"https:\/\/caefs.ca\/fr\/","name":"ACSEF","description":"Just another WordPress site","potentialAction":[{"@type":"SearchAction","target":{"@type":"EntryPoint","urlTemplate":"https:\/\/caefs.ca\/fr\/?s={search_term_string}"},"query-input":{"@type":"PropertyValueSpecification","valueRequired":true,"valueName":"search_term_string"}}],"inLanguage":"fr-FR"},{"@type":"Person","@id":"https:\/\/caefs.ca\/fr\/#\/schema\/person\/cecc86ff46fdc00e6e6714d7e5a33959","name":"Jackie Omstead","image":{"@type":"ImageObject","inLanguage":"fr-FR","@id":"https:\/\/secure.gravatar.com\/avatar\/f26bb669201f2fad39efad2d8e364bea14b17296d05c0ac31301c8a4688ff2ce?s=96&d=mm&r=g","url":"https:\/\/secure.gravatar.com\/avatar\/f26bb669201f2fad39efad2d8e364bea14b17296d05c0ac31301c8a4688ff2ce?s=96&d=mm&r=g","contentUrl":"https:\/\/secure.gravatar.com\/avatar\/f26bb669201f2fad39efad2d8e364bea14b17296d05c0ac31301c8a4688ff2ce?s=96&d=mm&r=g","caption":"Jackie Omstead"},"url":"https:\/\/caefs.ca\/fr\/author\/jomstead\/"}]}},"_links":{"self":[{"href":"https:\/\/caefs.ca\/fr\/wp-json\/wp\/v2\/posts\/6299","targetHints":{"allow":["GET"]}}],"collection":[{"href":"https:\/\/caefs.ca\/fr\/wp-json\/wp\/v2\/posts"}],"about":[{"href":"https:\/\/caefs.ca\/fr\/wp-json\/wp\/v2\/types\/post"}],"author":[{"embeddable":true,"href":"https:\/\/caefs.ca\/fr\/wp-json\/wp\/v2\/users\/3"}],"replies":[{"embeddable":true,"href":"https:\/\/caefs.ca\/fr\/wp-json\/wp\/v2\/comments?post=6299"}],"version-history":[{"count":4,"href":"https:\/\/caefs.ca\/fr\/wp-json\/wp\/v2\/posts\/6299\/revisions"}],"predecessor-version":[{"id":6327,"href":"https:\/\/caefs.ca\/fr\/wp-json\/wp\/v2\/posts\/6299\/revisions\/6327"}],"wp:attachment":[{"href":"https:\/\/caefs.ca\/fr\/wp-json\/wp\/v2\/media?parent=6299"}],"wp:term":[{"taxonomy":"category","embeddable":true,"href":"https:\/\/caefs.ca\/fr\/wp-json\/wp\/v2\/category?post=6299"},{"taxonomy":"post_tag","embeddable":true,"href":"https:\/\/caefs.ca\/fr\/wp-json\/wp\/v2\/tags?post=6299"}],"curies":[{"name":"wp","href":"https:\/\/api.w.org\/{rel}","templated":true}]}}